{"id":1072,"date":"2017-07-21T03:58:55","date_gmt":"2017-07-21T03:58:55","guid":{"rendered":"http:\/\/elmachete.mx\/?p=1072"},"modified":"2017-07-21T03:58:55","modified_gmt":"2017-07-21T03:58:55","slug":"lenin-camara-accion","status":"publish","type":"post","link":"https:\/\/elmachete.mx\/index.php\/2017\/07\/21\/lenin-camara-accion\/","title":{"rendered":"Lenin, c\u00e1mara, \u00a1ACCI\u00d3N!"},"content":{"rendered":"<p><img loading=\"lazy\" decoding=\"async\" class=\"alignnone size-medium wp-image-976\" src=\"http:\/\/elmachete.mx\/wp-content\/uploads\/2017\/03\/valent\u00edn-227x300.jpg\" alt=\"\" width=\"227\" height=\"300\" srcset=\"https:\/\/elmachete.mx\/wp-content\/uploads\/2017\/03\/valent\u00edn-227x300.jpg 227w, https:\/\/elmachete.mx\/wp-content\/uploads\/2017\/03\/valent\u00edn-300x397.jpg 300w, https:\/\/elmachete.mx\/wp-content\/uploads\/2017\/03\/valent\u00edn-38x50.jpg 38w, https:\/\/elmachete.mx\/wp-content\/uploads\/2017\/03\/valent\u00edn.jpg 508w\" sizes=\"auto, (max-width: 227px) 100vw, 227px\" \/><\/p>\n<p>Art\u00edculo de Valet\u00edn Vargas<\/p>\n<p>Lenin, c\u00e1mara, \u00a1ACCI\u00d3N!<br \/>\nVladimir Iliich en el celuloide\u00a0 (I) \u201cDizga Vertov\u201d<\/p>\n<p>&nbsp;<\/p>\n<p style=\"text-align: right;\"><em>\u201cMi rostro estaba en una l\u00fagubre prisi\u00f3n,\u00a0\u00a0\u00a0\u00a0 <\/em><\/p>\n<p style=\"text-align: right;\"><em>Llevaba una vida de ciego,\u00a0\u00a0 <\/em><\/p>\n<p style=\"text-align: right;\"><em>En la ignorancia y en la oscuridad, una esclava sin cadenas,\u00a0\u00a0 <\/em><\/p>\n<p style=\"text-align: right;\"><em>Pero empezaba a vislumbrar un rayo de verdad: La de Lenin \u201d<\/em><\/p>\n<p style=\"text-align: right;\">\u00a0Fragmento de Tres Cantos para Lenin<\/p>\n<p>&nbsp;<\/p>\n<p>La figura de Lenin ha suscitado multitud de opiniones y homenajes, como humano, como gu\u00eda, como revolucionario. En este art\u00edculo, daremos una breve revisi\u00f3n a la pel\u00edcula <em>tres<\/em><em> cantos para Lenin<a href=\"#_ftn1\" name=\"_ftnref1\"><strong>[1]<\/strong><\/a> <\/em>(1934, Dziga Vertov), para ello daremos una revisi\u00f3n a la obra de Vertov y el porqu\u00e9 de la importancia de la pel\u00edcula en el desarrollo de los primeros a\u00f1os de la URSS.<\/p>\n<p><img loading=\"lazy\" decoding=\"async\" class=\"alignnone size-medium wp-image-1073\" src=\"http:\/\/elmachete.mx\/wp-content\/uploads\/2017\/07\/19964873_1602876153065545_270724672_n-300x238.png\" alt=\"\" width=\"300\" height=\"238\" srcset=\"https:\/\/elmachete.mx\/wp-content\/uploads\/2017\/07\/19964873_1602876153065545_270724672_n-300x238.png 300w, https:\/\/elmachete.mx\/wp-content\/uploads\/2017\/07\/19964873_1602876153065545_270724672_n-50x40.png 50w, https:\/\/elmachete.mx\/wp-content\/uploads\/2017\/07\/19964873_1602876153065545_270724672_n.png 301w\" sizes=\"auto, (max-width: 300px) 100vw, 300px\" \/><\/p>\n<p>Vertov fue un cineasta vanguardista ruso, quien destac\u00f3 por su futurismo y su manera de producir documentales. Participo en los noticieros semanales de la Uni\u00f3n Sovi\u00e9tica. Su teor\u00eda documental radica en \u201cel cine ojo\u201d o \u201ccine verdad\u201d, \u00bfen qu\u00e9 radica? En que lo que la c\u00e1mara observa es la realidad, es la verdad, por lo tanto cuando se filma una actividad, se est\u00e1 filmando la verdad en tiempo real.<\/p>\n<p>Su importancia radica en el desarrollo de las vanguardias en el arte de la Uni\u00f3n Sovi\u00e9tica, que, en el marco de la naciente patria del proletariado, las artes buscaban no solo desarrollarse como corriente, sino que adem\u00e1s no perder su contenido social. En el caso de la pel\u00edcula, <em>Tres cantos para Lenin<\/em>, Vertov, filma los paisajes que rodean a la nueva naci\u00f3n, parajes de la lejana Mosc\u00fa, parajes en donde el Socialismo tambi\u00e9n est\u00e1 llegando, mezclado con textos que narran los cantos para el l\u00edder sovi\u00e9tico.<\/p>\n<p>Estos cantos (como describe el film) fueron escritos por el nuevo pueblo sovi\u00e9tico. El \u201ccine verdad\u201d est\u00e1 trabajando, en este se muestra el desarrollo del nuevo estado sovi\u00e9tico, el como se va modificando el paisaje. Dziga Vertov pone al servicio de la Uni\u00f3n Sovi\u00e9tica el arte,\u00a0 y aun mas, muestra su admiraci\u00f3n por Lenin filmando con acciones como la gente est\u00e1 agradecida con su liderazgo ante la revoluci\u00f3n proletaria.<\/p>\n<p>El documentalismo es una corriente que busca describir el entorno a trav\u00e9s de la lente de la c\u00e1mara, pero, en este caso, es una manera de demostrar como Lenin ha dejado huella. Lenin es el tema central, pero tomemos en cuenta que el film es de 1934, 10 a\u00f1os despu\u00e9s de su muerte, es un modo de describir al l\u00edder de la revoluci\u00f3n bolchevique sin su presencia f\u00edsica, es un modo demostrar la relaci\u00f3n que existe entre el pueblo sovi\u00e9tico y sus l\u00edderes.<\/p>\n<p><img loading=\"lazy\" decoding=\"async\" class=\"alignnone size-medium wp-image-1074\" src=\"http:\/\/elmachete.mx\/wp-content\/uploads\/2017\/07\/19239757_1602877986398695_224768199_n-300x225.jpg\" alt=\"\" width=\"300\" height=\"225\" srcset=\"https:\/\/elmachete.mx\/wp-content\/uploads\/2017\/07\/19239757_1602877986398695_224768199_n-300x225.jpg 300w, https:\/\/elmachete.mx\/wp-content\/uploads\/2017\/07\/19239757_1602877986398695_224768199_n-50x38.jpg 50w, https:\/\/elmachete.mx\/wp-content\/uploads\/2017\/07\/19239757_1602877986398695_224768199_n.jpg 480w\" sizes=\"auto, (max-width: 300px) 100vw, 300px\" \/><\/p>\n<p><a href=\"#_ftnref1\" name=\"_ftn1\">[1]<\/a>El film puede ser visto en el siguiente apartado <a href=\"https:\/\/www.youtube.com\/watch?v=mVL0_NofTt4\">https:\/\/www.youtube.com\/watch?v=mVL0_NofTt4<\/a><\/p>\n","protected":false},"excerpt":{"rendered":"<p>Art\u00edculo de Valet\u00edn Vargas Lenin, c\u00e1mara, \u00a1ACCI\u00d3N! Vladimir Iliich en el celuloide\u00a0 (I) \u201cDizga Vertov\u201d &nbsp; \u201cMi rostro estaba en una l\u00fagubre prisi\u00f3n,\u00a0\u00a0\u00a0\u00a0 Llevaba una vida de ciego,\u00a0\u00a0 En la ignorancia y en la oscuridad, una esclava sin cadenas,\u00a0\u00a0 Pero empezaba a vislumbrar un rayo<\/p>\n","protected":false},"author":2,"featured_media":1074,"comment_status":"open","ping_status":"open","sticky":false,"template":"","format":"standard","meta":{"rop_custom_images_group":[],"rop_custom_messages_group":[],"rop_publish_now":"initial","rop_publish_now_accounts":[],"rop_publish_now_history":[],"rop_publish_now_status":"pending","_exactmetrics_skip_tracking":false,"_exactmetrics_sitenote_active":false,"_exactmetrics_sitenote_note":"","_exactmetrics_sitenote_category":0,"footnotes":""},"categories":[5],"tags":[36,357,105],"class_list":["post-1072","post","type-post","status-publish","format-standard","has-post-thumbnail","hentry","category-elmachete","tag-arte","tag-cine","tag-lenin"],"wppr_data":{"cwp_meta_box_check":"No"},"_links":{"self":[{"href":"https:\/\/elmachete.mx\/index.php\/wp-json\/wp\/v2\/posts\/1072","targetHints":{"allow":["GET"]}}],"collection":[{"href":"https:\/\/elmachete.mx\/index.php\/wp-json\/wp\/v2\/posts"}],"about":[{"href":"https:\/\/elmachete.mx\/index.php\/wp-json\/wp\/v2\/types\/post"}],"author":[{"embeddable":true,"href":"https:\/\/elmachete.mx\/index.php\/wp-json\/wp\/v2\/users\/2"}],"replies":[{"embeddable":true,"href":"https:\/\/elmachete.mx\/index.php\/wp-json\/wp\/v2\/comments?post=1072"}],"version-history":[{"count":1,"href":"https:\/\/elmachete.mx\/index.php\/wp-json\/wp\/v2\/posts\/1072\/revisions"}],"predecessor-version":[{"id":1075,"href":"https:\/\/elmachete.mx\/index.php\/wp-json\/wp\/v2\/posts\/1072\/revisions\/1075"}],"wp:featuredmedia":[{"embeddable":true,"href":"https:\/\/elmachete.mx\/index.php\/wp-json\/wp\/v2\/media\/1074"}],"wp:attachment":[{"href":"https:\/\/elmachete.mx\/index.php\/wp-json\/wp\/v2\/media?parent=1072"}],"wp:term":[{"taxonomy":"category","embeddable":true,"href":"https:\/\/elmachete.mx\/index.php\/wp-json\/wp\/v2\/categories?post=1072"},{"taxonomy":"post_tag","embeddable":true,"href":"https:\/\/elmachete.mx\/index.php\/wp-json\/wp\/v2\/tags?post=1072"}],"curies":[{"name":"wp","href":"https:\/\/api.w.org\/{rel}","templated":true}]}}