{"id":1577,"date":"2020-01-03T09:25:34","date_gmt":"2020-01-03T09:25:34","guid":{"rendered":"http:\/\/elmachete.mx\/?p=1577"},"modified":"2020-01-20T05:05:28","modified_gmt":"2020-01-20T05:05:28","slug":"discurso-pronunciado-en-conmemoracion-del-xxx-aniversario-del-triunfo-de-la-revolucion-cubana","status":"publish","type":"post","link":"https:\/\/elmachete.mx\/index.php\/2020\/01\/03\/discurso-pronunciado-en-conmemoracion-del-xxx-aniversario-del-triunfo-de-la-revolucion-cubana\/","title":{"rendered":"Discurso pronunciado en conmemoraci\u00f3n del XXX Aniversario del triunfo de la Revoluci\u00f3n Cubana*"},"content":{"rendered":"\r\n<p style=\"text-align: right;\">Por <strong>Fidel Castro<\/strong><br \/><br \/><\/p>\r\n\r\n\r\n\r\n<figure class=\"wp-block-image is-resized\"><img loading=\"lazy\" decoding=\"async\" class=\"wp-image-1578\" src=\"http:\/\/elmachete.mx\/wp-content\/uploads\/2020\/01\/30-aniversario.jpg\" alt=\"\" width=\"393\" height=\"305\" srcset=\"https:\/\/elmachete.mx\/wp-content\/uploads\/2020\/01\/30-aniversario.jpg 786w, https:\/\/elmachete.mx\/wp-content\/uploads\/2020\/01\/30-aniversario-300x232.jpg 300w, https:\/\/elmachete.mx\/wp-content\/uploads\/2020\/01\/30-aniversario-768x595.jpg 768w, https:\/\/elmachete.mx\/wp-content\/uploads\/2020\/01\/30-aniversario-640x496.jpg 640w, https:\/\/elmachete.mx\/wp-content\/uploads\/2020\/01\/30-aniversario-600x465.jpg 600w\" sizes=\"auto, (max-width: 393px) 100vw, 393px\" \/><\/figure>\r\n\r\n\r\n\r\n<p>Compatriotas de Santiago y de toda Cuba \u2014creo que fue as\u00ed m\u00e1s o menos, como me dirig\u00ed la primera vez a ustedes cuando el triunfo de la Revoluci\u00f3n\u2014:<\/p>\r\n\r\n\r\n\r\n<p>Se hab\u00eda decidido celebrar la conmemoraci\u00f3n oficial del XXX aniversario en la Ciudad de La Habana. Hac\u00eda tiempo que en la capital no se efectuaba un evento de esta naturaleza; no quer\u00edamos tampoco afrontar las dificultades de la conmemoraci\u00f3n en la ciudad de Santiago de Cuba, donde habr\u00eda sido necesario un gran esfuerzo en el transporte y el alojamiento de los numerosos invitados que participar\u00e1n en esa conmemoraci\u00f3n, pero yo les propuse a los compa\u00f1eros que estaban organizando el programa del aniversario, la idea de visitar a Santiago este d\u00eda y a esta hora como un deseo realmente muy especial. Me parec\u00eda que no estar\u00edamos conmemorando bien el XXX aniversario si, por lo menos, no nos encontr\u00e1bamos aqu\u00ed con los santiagueros, para trasmitirles un fraternal saludo (APLAUSOS).<\/p>\r\n\r\n\r\n\r\n<p>No vengo a hacer un recuento de la grandiosa tarea llevada a cabo por el pueblo de la provincia de Santiago de Cuba en estos 30 a\u00f1os, eso se hizo ya, hace pocos meses, el 26 de julio; no he venido tampoco a hacer un recuento de la obra de la Revoluci0n en 30 a\u00f1os, recuerdo que eso se hizo al cumplirse el XXV aniversario y en el instante en que se proclamaba Ciudad H\u00e9roe y se condecoraba a Santiago de Cuba. Vine a compartir con ustedes este d\u00eda glorioso y a recordar con ustedes aquella fecha, desde este mismo balc\u00f3n, y en esta misma plaza, donde hace 30 a\u00f1os celebr\u00e1bamos la victoria (APLAUSOS), en un acto quiz\u00e1s no tan solemne, quiz\u00e1s no tan bien organizado como este \u2014comprender\u00e1n ustedes c\u00f3mo eran aquellos momentos\u2014, pero realmente emocionante e hist\u00f3rico; pienso que muchos lo recuerden y que tambi\u00e9n muchos lo habr\u00e1n escuchado alguna vez de sus padres o de sus maestros. Realmente, aquel fue un d\u00eda hist\u00f3rico y pienso que ser\u00e1 tambi\u00e9n un d\u00eda inolvidable, no solo para nosotros \u2014se explica\u2014, sino tambi\u00e9n para las futuras generaciones.<\/p>\r\n\r\n\r\n\r\n<p>El primero de enero no solo era la culminaci\u00f3n de un largo esfuerzo de lucha de nuestro pueblo a lo largo de muchos a\u00f1os, a lo largo de casi 100 a\u00f1os en aquel momento; no solo percib\u00edamos la victoria ese d\u00eda, no solo fue el d\u00eda de la victoria, fue tambi\u00e9n un d\u00eda de grandes decisiones, decisiones fundamentales, y un d\u00eda de grandes definiciones, un d\u00eda de grandes ense\u00f1anzas, un d\u00eda de gran aprendizaje, porque el d\u00eda primero de enero no solo se alcanza la victoria, sino que fue necesario tambi\u00e9n defender la victoria.<\/p>\r\n\r\n\r\n\r\n<p>En horas de la madrugada de aquel d\u00eda de 1959, encontr\u00e1ndonos nosotros en el pueblo de Contramaestre \u2014m\u00e1s bien en el central all\u00ed ubicado\u2014, recibimos lo que pudi\u00e9ramos llamar los primeros rumores de que se hab\u00eda producido el colapso del r\u00e9gimen, o m\u00e1s bien que se hab\u00eda producido la fuga de Batista. No transcurrieron muchos minutos antes de que aquellas noticias empezaran a confirmarse. De inmediato nos dimos cuenta de lo que estaba ocurriendo, puesto que esto estuvo precedido de una serie de importantes acontecimientos.<\/p>\r\n\r\n\r\n\r\n<p>La guerra ya estaba ganada. Tres d\u00edas antes tuvo lugar una entrevista que hab\u00eda sido solicitada, previamente, alrededor del 25 de diciembre, por el jefe de las tropas enemigas en la regi\u00f3n oriental del pa\u00eds, el general Eulogio Cantillo. No se hab\u00eda caracterizado este oficial por ser represivo, o por hechos sanguinarios, y, en honor de la verdad hist\u00f3rica, hay que decir que en el tiempo en que estuvo dirigiendo las operaciones, y, sobre todo, durante la \u00faltima ofensiva contra la Sierra Maestra, no se caracteriz\u00f3 este militar por la represi\u00f3n sangrienta; m\u00e1s bien se le ten\u00eda por un militar relativamente decente.<\/p>\r\n\r\n\r\n\r\n<p>Ya hab\u00edan ocurrido en otros momentos algunos intercambios de comunicaciones con \u00e9l, relacionados, fundamentalmente, con la liberaci\u00f3n de prisioneros enemigos en manos de nuestras tropas, antes de la ofensiva y despu\u00e9s de la ofensiva. Incluso antes de la ofensiva hab\u00eda enviado un mensaje aparentemente caballeroso, expresando su preocupaci\u00f3n y su pesar por aquella operaci\u00f3n, a su juicio, inaguantable, irresistible, que estaba pr\u00f3xima a lanzar con 10.000 soldados, y el apoyo de la artiller\u00eda, unidades blindadas y, sobre todo, de la aviaci\u00f3n, contra nuestros reductos en la Sierra Maestra. Lleg\u00f3 a expresar que apenaba la idea de que personas a las que consideraba valiosas se perdieran.<\/p>\r\n\r\n\r\n\r\n<p>Nosotros le dimos las gracias con mucha modestia, y con mucha modestia le dijimos que esper\u00e1bamos a su ej\u00e9rcito en la Sierra Maestra y que, desde luego, si lograban vencer la tenaz resistencia que iban a encontrar y lograban exterminar hasta el \u00faltimo rebelde, que no se doliera por ello, ya que alg\u00fan d\u00eda hasta los hijos de los mismos soldados que nos combat\u00edan mirar\u00edan con admiraci\u00f3n a la Sierra Maestra. No le quise decir lo que nosotros est\u00e1bamos seguros de que iba a ocurrir, que la ofensiva iba a ser derrotada, no obstante el reducid\u00edsimo n\u00famero de hombres con que cont\u00e1bamos en ese momento, que no llegaban siquiera a 300, y por eso dije que con modestia le dimos las gracias y le trasmitimos aquella respuesta.<\/p>\r\n\r\n\r\n\r\n<p>Despu\u00e9s hab\u00eda habido otros contactos, especialmente al final de la ofensiva, convertida en desastre militar para la tiran\u00eda; en la devoluci\u00f3n de prisioneros enemigos se produjeron de nuevo contactos. De modo que ya hab\u00eda estos antecedentes.<\/p>\r\n\r\n\r\n\r\n<p>Nosotros, a lo largo de la guerra, en numerosas ocasiones, les dirig\u00edamos mensajes a las tropas y a algunos jefes del ej\u00e9rcito batistiano. Alrededor del 25 de diciembre este militar pide reunirse con nosotros, la reuni\u00f3n tiene lugar el d\u00eda 28. Ya nosotros est\u00e1bamos preparando el avance sobre Santiago de Cuba y nos dice que han perdido la guerra \u2014lo reconocen francamente\u2014 y que est\u00e1n dispuestos a ponerle fin a la contienda. Nosotros le planteamos que la cuesti\u00f3n ahora era ver la forma pr\u00e1ctica en que se pon\u00eda fin a la guerra, y en realidad fuimos generosos con ellos, porque le dijimos: el ej\u00e9rcito se ha hundido, tal vez pueda salvarse un n\u00famero de militares que no hayan tenido complicidad con los cr\u00edmenes, y le propuse que para ponerle fin a la contienda de una forma decorosa se produjera un levantamiento de las tropas de la Provincia de Oriente \u2014la antigua Provincia de Oriente\u2014, fundamentalmente las tropas de la guarnici\u00f3n de Santiago de Cuba, y que le di\u00e9ramos la forma de un movimiento revolucionario\u2010militar que diera fin a la contienda, a\u00f1adiendo que tal hecho producir\u00eda de inmediato el desplome de la tiran\u00eda.<\/p>\r\n\r\n\r\n\r\n<p>Le advert\u00edamos, como hab\u00edamos advertido siempre a lo largo de la lucha, que est\u00e1bamos resueltamente contra cualquier golpe de Estado. Esa fue una pr\u00e9dica constante a lo largo de nuestra guerra, a partir de la experiencia de Am\u00e9rica Latina y de la propia experiencia de Cuba, en que ten\u00edan lugar grandes luchas frente a gobiernos tir\u00e1nicos y en un momento dado aparec\u00eda siempre un grupo de militares derrocando al gobierno y present\u00e1ndose como salvadores del pa\u00eds.<\/p>\r\n\r\n\r\n\r\n<p>Tomando en cuenta esa experiencia, durante toda la guerra mantuvimos una pol\u00edtica de rechazo, condena y desaliento a cualquier golpe militar, y hab\u00edamos advertido que de producirse un golpe militar proseguir\u00edamos la guerra. Estos planteamientos los hicimos en distintos momentos, los hicimos cuando ten\u00edamos 100 hombres, cuando ten\u00edamos 150, cuando ten\u00edamos 200 y los reiteramos hasta el final de la guerra. Se llega al acuerdo de producir el levantamiento en Santiago de Cuba a las 3:00 de la tarde del 31 de diciembre. Aquel militar insist\u00eda en viajar a La Habana, nosotros \u00e9ramos opuestos a que viajara a La Habana; \u00e9l alegaba que ten\u00eda un n\u00famero importante de contactos, incluso argument\u00f3 que ten\u00eda un familiar allegado en un importante cargo militar \u2014estaba al frente de uno de los regimientos occidentales\u2014; nosotros le aconsejamos que no hiciera el viaje; \u00e9l insisti\u00f3 en la necesidad del viaje, en la conveniencia del viaje, entonces nosotros le advertimos tres cosas: primero, que no quer\u00edamos golpe de Estado en la capital; segundo, que no quer\u00edamos ninguna colaboraci\u00f3n para ayudar a escapar a Batista; tercero, que no quer\u00edamos contacto con la embajada americana. Fueron tres cosas que le advertimos y que le dijimos que no admit\u00edamos; se comprometi\u00f3 solemnemente con no hacer ninguna de las tres cosas.<\/p>\r\n\r\n\r\n\r\n<p>Viaja a la capital \u2014tal vez ese mismo d\u00eda o al otro\u2014 y empiezan a llegar entonces noticias extra\u00f1as, mensajes confusos de que hab\u00eda que esperar \u2014que hab\u00eda que esperar por lo menos hasta el 6 de enero. Claro est\u00e1 que nosotros no est\u00e1bamos dispuestos a aceptar ese cambio en los acuerdos a que hab\u00edamos llegado, puesto que nuestras tropas estaban avanzando en todas partes, estaban conquistando ciudad tras ciudad, estaba cortada la retirada de casi todas las tropas en la antigua provincia de oriente, y ve\u00edamos que era el momento oportuno de liberar la ciudad de Santiago de Cuba, de dar el golpe, pudi\u00e9ramos decir, el puntillazo final al r\u00e9gimen en la ciudad de Santiago de Cuba. No \u00edbamos a esperar seis o siete d\u00edas a que estas condiciones \u00f3ptimas se desperdiciaran. Fue siempre criterio y fue siempre un principio de las fuerzas rebeldes no perder nunca un d\u00eda, un minuto, o un segundo, y, sobre todo, no desaprovechar los momentos m\u00e1s psicol\u00f3gicos, y, por tanto, le enviamos un mensaje al que qued\u00f3 de jefe de la plaza, expres\u00e1ndole que no acept\u00e1bamos los cambios unilaterales sobre los acuerdos alcanzados ni las explicaciones confusas que se nos dieran, y que si no se produc\u00eda el levantamiento de la guarnici\u00f3n la tarde del 31, se iniciar\u00edan las operaciones contra la ciudad de Santiago de Cuba.<\/p>\r\n\r\n\r\n\r\n<p>Esto fue advertido de manera clara y, efectivamente, estaban movi\u00e9ndose las fuerzas hacia Santiago de Cuba cuando, en horas de la madrugada del d\u00eda primero, surgen las noticias de que habl\u00e1bamos anteriormente.<\/p>\r\n\r\n\r\n\r\n<p>\u00bfQu\u00e9 quiso hacer el Ej\u00e9rcito en el \u00faltimo momento, sin duda, asesorado por Estados Unidos? Llevar a cabo un golpe de Estado, confundir al pueblo diciendo: \u201cSe fue Batista, se acab\u00f3 la tiran\u00eda, empieza una era democr\u00e1tica\u201d, manteniendo el aparato militar, manteniendo el sistema y evitar as\u00ed el triunfo de la Revoluci\u00f3n. Fue un burdo intento de repetir en la historia de nuestro pa\u00eds lo que ya hab\u00eda ocurrido otras veces y lo que hab\u00eda ocurrido tantas veces en muchos pa\u00edses de Am\u00e9rica Latina. De modo que a nosotros no nos tom\u00f3 de sorpresa lo que estaba ocurriendo.<\/p>\r\n\r\n\r\n\r\n<p>Adem\u00e1s, tengo entendido que nuestro pueblo, a trav\u00e9s de la pr\u00e9dica constante que se hizo durante todo el per\u00edodo de la guerra y a trav\u00e9s de las emisiones de Radio Rebelde, estaba tambi\u00e9n alerta sobre esta situaci\u00f3n.<\/p>\r\n\r\n\r\n\r\n<p>Dieron el golpe, ayudaron a escapar a Batista, se pusieron de acuerdo con la embajada americana. Proclamaron un gobierno para hacerse cargo de la situaci\u00f3n. No hay que olvidarse de que el d\u00eda primero se proclam\u00f3 un gobierno. Los golpistas designaron a un magistrado del Tribunal Supremo, llamado Piedra, como presidente de la Rep\u00fablica. Realmente aquel gobierno no lleg\u00f3 ni siquiera a tomar posesi\u00f3n.<\/p>\r\n\r\n\r\n\r\n<p>Ese mismo d\u00eda se toma la decisi\u00f3n, sin perder un minuto, sin perder un segundo, de denunciar el golpe y dar instrucciones a todas las fuerzas rebeldes de que continuaran las operaciones; no quer\u00edamos que se produjera ni un solo minuto de tregua entre las fuerzas revolucionarias y las fuerzas enemigas.<\/p>\r\n\r\n\r\n\r\n<p>Aquel primero de enero tiene lugar un acontecimiento que ya hab\u00edamos previsto el 26 de julio de 1953; en nuestros planes, a ra\u00edz del ataque al Moncada, estaba llamar al pueblo a una huelga general revolucionaria, y esa ma\u00f1ana lleg\u00f3 la hora, precisamente, de llamar a la huelga general revolucionaria. Creo que eso constituy\u00f3 un acontecimiento excepcional. Todos los sindicatos estaban en manos de dirigentes oficiales comprometidos con la tiran\u00eda, no hab\u00eda ninguna organizaci\u00f3n de direcci\u00f3n oficial de los sindicatos trabajando con la Revoluci\u00f3n.<\/p>\r\n\r\n\r\n\r\n<p>Desde Radio Rebelde, inmediatamente despu\u00e9s de denunciar el golpe y de impartir las instrucciones a los jefes de las columnas rebeldes, se llama al pueblo a la huelga general. A la vez se trasmite una proclama para Santiago de Cuba, con instrucciones de que la ciudad se paralizara totalmente desde las 3:00 de la tarde, excepto la planta el\u00e9ctrica para mantener la comunicaci\u00f3n con la poblaci\u00f3n, y les advert\u00edamos que se proceder\u00eda a atacar la ciudad. Todas esas decisiones se fueron tomando sucesivamente a lo largo del d\u00eda primero de enero.<\/p>\r\n\r\n\r\n\r\n<p>A Camilo y al Che se les dieron las instrucciones de proseguir hacia la capital sin detenerse, sin dar tregua, mientras los rebeldes se acercaban a Santiago de Cuba. Incluso, un grupo de exploraci\u00f3n que se envi\u00f3 por la Carretera Central recibi\u00f3 \u00f3rdenes de que tan pronto llegaran a la loma de Quintero, donde estaba posesionado un batall\u00f3n enemigo, le dieran cinco minutos para rendirse o abrir fuego, que no pod\u00eda haber tregua.<\/p>\r\n\r\n\r\n\r\n<p>En esa situaci\u00f3n ven\u00edamos nosotros acerc\u00e1ndonos hacia la ciudad de Santiago de Cuba por el norte, desde Palma Soriano, cuando surgen los primeros contactos solicitados por los jefes de la guarnici\u00f3n de Santiago de Cuba. La jefatura de la polic\u00eda se pleg\u00f3 inmediatamente; los jefes de dos fragatas, bastante poderosas por su armamento, que estaban en el puerto de Santiago de Cuba, se plegaron: el jefe del Distrito Naval se pleg\u00f3, y los jefes de la guarnici\u00f3n trataron de contactarnos. Esto va ocurriendo en horas de la tarde. Ya se producen los primeros contactos, y yo le planteo al jefe de la guarnici\u00f3n de Santiago de Cuba que quer\u00eda reunirme con todos los oficiales de la guarnici\u00f3n.<\/p>\r\n\r\n\r\n\r\n<p>Aquellos pasos eran muy importantes, porque no sab\u00edamos qu\u00e9 iba a ocurrir en la capital: si lograban mantener la adhesi\u00f3n de una gran parte del ej\u00e9rcito, si iba a tener que lucharse en la capital de la Rep\u00fablica, porque los golpistas pudieran contar con una parte importante de la oficialidad y de las tropas.<\/p>\r\n\r\n\r\n\r\n<p>Poder liberar a la ciudad de Santiago de Cuba ten\u00eda una enorme importancia, poder ocupar el armamento que estaba aqu\u00ed en Santiago de Cuba era decisivo, a nuestro juicio; y sobre todo ahorrar sangre, porque sin duda que los combates habr\u00edan sido violentos.<\/p>\r\n\r\n\r\n\r\n<p>Nosotros calcul\u00e1bamos que los combates alrededor de Santiago de Cuba \u2014esto es antes del golpe\u2014 durar\u00edan alrededor de una semana. Ya ten\u00edamos preparada la sublevaci\u00f3n de la ciudad en la fase final de la batalla, m\u00e1s de 100 armas hab\u00edan sido introducidas en ella, de las \u00faltimas ocupadas en Palma Soriano. Ya ten\u00edamos todas las ideas de c\u00f3mo realizar las operaciones con relaci\u00f3n a Santiago de Cuba, que habr\u00edan culminado exitosamente, sin duda, pero que habr\u00edan costado un n\u00famero de vidas, tal vez un elevado n\u00famero de vidas.<\/p>\r\n\r\n\r\n\r\n<p>Por eso yo creo que fue decisivo, fundamental, y algo por lo cual hab\u00eda que esforzarse, ocupar la ciudad sin combates de ser posible; si no quedaba otra alternativa, llevarlo a cabo combatiendo, pero fueron afortunadas las circunstancias que hicieron innecesarios violentos combates en torno y dentro de Santiago de Cuba.<\/p>\r\n\r\n\r\n\r\n<p>Cualquiera podr\u00e1 suponer que los revolucionarios ten\u00edamos deseos de tomar el cuartel Moncada y de rendirlo por las armas, como rendimos otras muchas posiciones enemigas; pero en esas circunstancias nadie se debe dejar llevar por las emociones y tiene que tratar de resolver los objetivos con el menor costo de vidas posible. Y eso ocurri\u00f3 aquel d\u00eda.<\/p>\r\n\r\n\r\n\r\n<p>Si uno analiza las cosas a distancia, se da cuenta de que el ej\u00e9rcito enemigo hab\u00eda perdido toda capacidad de resistencia en ese momento, la desmoralizaci\u00f3n era ya total. Incluso, se dio el caso de que la patrulla lleg\u00f3 a la loma de Quintero, sigui\u00f3, nadie le hizo resistencia, lleg\u00f3 y penetr\u00f3 en el cuartel Moncada.<\/p>\r\n\r\n\r\n\r\n<p>Se da el caso de que el compa\u00f1ero Ra\u00fal va all\u00ed para organizar la reuni\u00f3n acordada con los oficiales de la guarnici\u00f3n de Santiago de Cuba, penetra en el cuartel, les habla a los oficiales, saca un retrato de Batista, lo rompe a los ojos de todos ellos y le habla tambi\u00e9n a la tropa (APLAUSOS). Va con los oficiales a la reuni\u00f3n que estos tienen conmigo. Nosotros no les planteamos la rendici\u00f3n \u2014porque, vuelvo a repetir, la situaci\u00f3n era muy confusa en ese momento\u2014, no quer\u00edamos humillarlos; les planteamos que condenaran el golpe militar. Les denunci\u00e9 la maniobra de los golpistas; denunci\u00e9 a quien hab\u00eda sido hasta ese momento su jefe, a Cantillo; les inform\u00e9 de los acuerdos a que hab\u00edamos llegado, los incumplimientos que se hab\u00edan producido; los exhort\u00e9 a que desacataran las \u00f3rdenes de Cantillo y se pusieran a nuestro lado, y aceptaron. Yo dir\u00eda que fue realmente una proposici\u00f3n generosa de nuestra parte y, adem\u00e1s, absolutamente correcta, puesto que todav\u00eda los acontecimientos en el resto del pa\u00eds no estaban definidos.<\/p>\r\n\r\n\r\n\r\n<p>A nosotros nos interesaban las fragatas, nos interesaban los tanques y la artiller\u00eda que hab\u00eda en Santiago de Cuba y nos interesaba, adem\u00e1s, quienes supieran manejar esas armas.<\/p>\r\n\r\n\r\n\r\n<p>Aunque ya aquella fuerza hab\u00eda perdido toda capacidad de resistencia, el enemigo sigui\u00f3 maniobrando. Mandaron un avi\u00f3n a Isla de Pinos \u2014as\u00ed se llamaba entonces\u2014 a buscar a un grupo de oficiales que hab\u00edan conspirado contra Batista, fundamentalmente a buscar a un coronel que, realmente, no estuvo complicado con Batista, hab\u00eda adquirido cierto prestigio precisamente por haberse opuesto, por haber conspirado, y lo ten\u00edan preso all\u00e1 en la Isla. Como aquel oficial ten\u00eda otra aureola y hab\u00eda luchado contra el r\u00e9gimen, lo mandan a buscar en un intento de aglutinar el ej\u00e9rcito. El grupo se llamaba de \u201cLos puros\u201d, era como se le conoc\u00eda nacionalmente.<\/p>\r\n\r\n\r\n\r\n<p>Mandan a buscar a Barqu\u00edn, que ten\u00eda adem\u00e1s mucha amistad y relaci\u00f3n con los yankis, lo llevan a Columbia y le entregan el mando del ej\u00e9rcito \u2014todo eso el propio d\u00eda primero. Llevan a cabo este movimiento en combinaci\u00f3n con la embajada americana. Y, efectivamente, el hombre llega al campamento de Columbia en horas de la noche.<\/p>\r\n\r\n\r\n\r\n<p>Cuando nosotros est\u00e1bamos reunidos aqu\u00ed con el pueblo de Santiago de Cuba, todav\u00eda no se hab\u00eda decidido la situaci\u00f3n, aunque ya Camilo y el Che iban avanzando hacia la capital en horas de la noche. Habr\u00eda que precisar hist\u00f3ricamente en qu\u00e9 minuto exacto emprendieron la marcha; pero s\u00ed recuerdo, aunque no puedo precisar la hora exacta en que este coronel, nuevo jefe del ej\u00e9rcito en sustituci\u00f3n de Cantillo \u2014Cantillo se aparta y le entrega el mando a este oficial\u2014, quiere comunicarse telef\u00f3nicamente conmigo, y yo respondo que en el campamento de Columbia no hablar\u00eda m\u00e1s que con Camilo cuando estuviera al mando del mismo (APLAUSOS).<\/p>\r\n\r\n\r\n\r\n<p>Todos esos hechos iban ocurriendo aquella noche; y nosotros, tan pronto terminamos el acto aqu\u00ed en la Plaza, nos llevamos los tanques, nos llevamos la artiller\u00eda y avanzamos hacia Bayamo. Hab\u00eda que ver qu\u00e9 ocurr\u00eda con las tropas de Bayamo, no estaba la situaci\u00f3n totalmente definida y no se sab\u00eda lo que pod\u00eda ocurrir, est\u00e1bamos acumulando fuerzas. Al llegar a Bayamo me reun\u00ed con aquellas tropas, les habl\u00e9 y se unieron a nosotros; all\u00ed ten\u00edan tanques de mayor peso y m\u00e1s calibre, ten\u00edan artiller\u00eda. Todo esto va ocurriendo alrededor del 3 de enero en horas de la ma\u00f1ana. Yo ven\u00eda hacia La Habana con una columna de 1.000 rebeldes y 2.000 soldados de Batista, la artiller\u00eda y los tanques.<\/p>\r\n\r\n\r\n\r\n<p>Aunque los periodistas y los historiadores han hecho muchas investigaciones, han hecho muy buenos trabajos recogiendo acontecimientos hist\u00f3ricos de aquellos d\u00edas, pienso que hay que precisar m\u00e1s cosas y m\u00e1s detalles: a qu\u00e9 hora parte Camilo hacia la capital, a qu\u00e9 hora parte el Che, qu\u00e9 d\u00eda y hora exacta arriba al campamento de Columbia y la Caba\u00f1a respectivamente, en qu\u00e9 momento controlan all\u00ed la situaci\u00f3n.<\/p>\r\n\r\n\r\n\r\n<p>De modo que el d\u00eda 2, mientras nuestras fuerzas se encaminaban hacia la capital lo m\u00e1s r\u00e1pidamente posible, en vista de lo que pudiera suceder all\u00ed, las tropas de Camilo y del Che avanzaban por la carretera e iban rindiendo guarniciones sin combatir. De nada les vali\u00f3 a los golpistas el intento de sacar un l\u00edder, una figura de la c\u00e1rcel que fuese capaz de aglutinar el ej\u00e9rcito y levantar la moral del ej\u00e9rcito.<\/p>\r\n\r\n\r\n\r\n<p>No recuerdo la fecha exacta, pero ya el d\u00eda 3 empezaron a definirse las cosas y se hizo evidente que no habr\u00eda m\u00e1s resistencia. Desde luego, atendiendo al llamado del Ej\u00e9rcito Rebelde, a trav\u00e9s de Radio Rebelde, se produce la huelga general y se paraliza el pa\u00eds de un extremo a otro de una forma impresionante.<\/p>\r\n\r\n\r\n\r\n<p>Aquella huelga jug\u00f3 un papel important\u00edsimo, fue un golpe tremendo, acab\u00f3 de desmoralizar las fuerzas enemigas, ahorr\u00f3 sangre, salv\u00f3 vidas. Los trabajadores de las cadenas de radio y televisi\u00f3n se pusieron en sinton\u00eda con Radio Rebelde, y en un momento dado Radio Rebelde trasmit\u00eda para todo el pa\u00eds por radio y televisi\u00f3n, a trav\u00e9s de todas las emisoras. El pueblo se moviliz\u00f3 en todas partes y en la propia capital.<\/p>\r\n\r\n\r\n\r\n<p>Todos estos fueron acontecimientos importantes, porque ayudaron a la liquidaci\u00f3n de la maniobra enemiga y permitieron la victoria de la Revoluci\u00f3n, la victoria plena y total.<\/p>\r\n\r\n\r\n\r\n<p>Se puede decir que a las 72 horas todas las guarniciones del pa\u00eds estaban controladas y las armas estaban en manos del pueblo; en breves d\u00edas decenas de miles de compa\u00f1eros se armaron. Pudiera decirse que el ej\u00e9rcito qued\u00f3 desarmado, si no de modo total porque algunas unidades permanecieron con armas \u2014sobre todo, aquellas unidades que hab\u00edan aceptado apoyarnos\u2014, aquellas que se comprometieron con nosotros y que durante un tiempo mantuvieron sus armas, hasta que en un ulterior per\u00edodo de la Revoluci\u00f3n fue imposible mantenerlas armadas, cuando comenzaron las conspiraciones imperialistas y los planes contrarrevolucionarios en nuestro pa\u00eds.<\/p>\r\n\r\n\r\n\r\n<p>Camilo y el Che cumplieron sus misiones y en un momento determinado ten\u00edan el control ya de las fuerzas militares de la capital. Entonces el viaje nuestro hacia La Habana se transform\u00f3 m\u00e1s bien en un recorrido de car\u00e1cter pol\u00edtico, m\u00e1s que en un recorrido de car\u00e1cter militar.<\/p>\r\n\r\n\r\n\r\n<p>Todas esas cosas, o la gran mayor\u00eda de estas cosas que he mencionado, ocurrieron el primero de enero; no solo fue el d\u00eda de la victoria, sino el d\u00eda del contraataque, del contragolpe, de la huelga general, del avance, para defender la victoria; por eso fue un d\u00eda de decisiones fundamentales y de importantes definiciones.<\/p>\r\n\r\n\r\n\r\n<p>Al recordar todo esto lo hago con la intenci\u00f3n de se\u00f1alar el important\u00edsimo papel que desempe\u00f1\u00f3 ese d\u00eda la ciudad de Santiago de Cuba (APLAUSOS); el hecho de saber \u2014como lo sab\u00eda el enemigo\u2014 que ten\u00edan enfrente una poblaci\u00f3n combativa, rebelde, heroica, fue un factor muy importante en el reblandecimiento de la moral de las tropas batistianas posesionadas en Santiago de Cuba.<\/p>\r\n\r\n\r\n\r\n<p>Eran alrededor de 5.000 hombres; las fuerzas con que nosotros nos prepar\u00e1bamos para tomar la ciudad eran 1.200. A nadie le parezca realmente que eran pocas, iba a ser la vez que con m\u00e1s tropas \u00edbamos a contar nosotros, iba a ser la vez en que con mejor proporci\u00f3n entre las tropas enemigas y las tropas nuestras \u00edbamos a combatir: ten\u00edamos algo m\u00e1s de uno por cada cinco soldados enemigos. Siempre emple\u00e1bamos la t\u00e1ctica, desde luego, no de enfrentar el uno contra los cinco, \u00edbamos golpeando por partes y creando situaciones en el terreno que fueran favorables a nuestras fuerzas.<\/p>\r\n\r\n\r\n\r\n<p>Pero es que cont\u00e1bamos dos ej\u00e9rcitos: el Ej\u00e9rcito Rebelde y el ej\u00e9rcito del pueblo (APLAUSOS), los hombres, las mujeres, los trabajadores, los estudiantes, los j\u00f3venes de Santiago de Cuba, y aquella presi\u00f3n no la pudo soportar el enemigo.<\/p>\r\n\r\n\r\n\r\n<p>Aquel hecho y lo que ocurri\u00f3 en Santiago de Cuba la tarde del primero de enero, el desbordamiento popular de la ciudad, el impresionante acto de aqu\u00e9lla noche, la denuncia que hicimos de todo lo que hab\u00eda ocurrido, de la deslealtad de aquel jefe militar, de la maniobra, desempe\u00f1aron un papel muy grande en aquellos acontecimientos y tienen que haber influido considerablemente en la desmoralizaci\u00f3n total de las fuerzas enemigas tambi\u00e9n en la capital de la Rep\u00fablica, que estaba a 900 kil\u00f3metros de distancia. Pero nuestro peque\u00f1o ej\u00e9rcito, r\u00e1pido, en\u00e9rgico, tambi\u00e9n hab\u00eda avanzado esos 900 kil\u00f3metros.<\/p>\r\n\r\n\r\n\r\n<p>He tratado muchas veces de calcular \u2014no es f\u00e1cil hacerlo con exactitud\u2014 cu\u00e1ntos hombres con armas de guerra ten\u00edamos aquel primero de enero, eran alrededor de 3.000; las fuerzas del ej\u00e9rcito batistiano, incluidas la Marina y la Polic\u00eda, eran en ese momento alrededor de 80.000. De modo que quiero resaltar el papel no solo de los combatientes, sino el papel del pueblo y de los trabajadores aquel d\u00eda (APLAUSOS).<\/p>\r\n\r\n\r\n\r\n<p>No es que la ciudad hubiese sido liberada pasivamente y se dedicara solo a aplaudir o a expresar el j\u00fabilo; la ciudad hab\u00eda tenido una participaci\u00f3n prolongada, de muchos a\u00f1os, para hacer posible ese d\u00eda de liberaci\u00f3n. Aunque nuestro pueblo tambi\u00e9n tuvo mucha participaci\u00f3n a lo largo de los a\u00f1os, activa y heroica en todas partes y, por supuesto, tambi\u00e9n en la capital de la Rep\u00fablica, por una serie de circunstancias hist\u00f3ricas, Santiago se convirti\u00f3 en un protagonista de gran importancia en esa lucha.<\/p>\r\n\r\n\r\n\r\n<p>Otras ciudades como la de Bayamo, como la de Manzanillo, como la de Guant\u00e1namo, jugaron tambi\u00e9n importantes roles a lo largo de nuestra guerra de liberaci\u00f3n (APLAUSOS); pero por Santiago hab\u00edamos comenzado nuestra lucha el 26 de julio de 1953, y desde entonces comenz\u00f3 a expresarse la solidaridad santiaguera con la Revoluci\u00f3n.<\/p>\r\n\r\n\r\n\r\n<figure class=\"wp-block-image is-resized\"><img loading=\"lazy\" decoding=\"async\" class=\"wp-image-1579\" src=\"http:\/\/elmachete.mx\/wp-content\/uploads\/2020\/01\/30-aniversario-1.jpg\" alt=\"\" width=\"206\" height=\"137\" srcset=\"https:\/\/elmachete.mx\/wp-content\/uploads\/2020\/01\/30-aniversario-1.jpg 275w, https:\/\/elmachete.mx\/wp-content\/uploads\/2020\/01\/30-aniversario-1-210x140.jpg 210w\" sizes=\"auto, (max-width: 206px) 100vw, 206px\" \/><\/figure>\r\n\r\n\r\n\r\n<p>Santiago hab\u00eda influido en nosotros desde antes del 26 de julio, porque cuando se produce el golpe de Estado del 10 de marzo, la \u00fanica ciudad de Cuba donde hay importantes movimientos populares y donde m\u00e1s tard\u00f3 en consolidarse el golpe del 10 de marzo fue en Santiago de Cuba (APLAUSOS).<\/p>\r\n\r\n\r\n\r\n<p>Santiago hab\u00eda influido en nosotros, podemos decir, a lo largo de todas nuestras vidas, como influyeron las provincias orientales, por su papel destacado en la historia de nuestra patria. Esa historia comienza aun cuando no exist\u00eda una naci\u00f3n, cuando invasores extranjeros ocupan la isla. Fue aqu\u00ed en estas regiones orientales donde los ind\u00edgenas, extraordinariamente pac\u00edficos y bondadosos como eran, ofrecen el primer ejemplo de valent\u00eda y de hero\u00edsmo frente a la invasi\u00f3n extranjera. Aqu\u00ed se fundaron las primeras ciudades, y cuando ya exist\u00edan los g\u00e9rmenes, cuando empezaron a formarse los sentimientos de nacionalidad, las luchas por la independencia comenzaron en estas provincias. La primera y la segunda guerras de independencia \u2014la tercera, si se quiere, en el caso de que incluyamos la guerra chiquita\u2014, todos esos acontecimientos tienen lugar en las provincias orientales. Las ciudades de estas provincias jugaron un papel singular en nuestras contiendas libertadoras y, entre ellas, de modo destacado, Santiago de Cuba (APLAUSOS).<\/p>\r\n\r\n\r\n\r\n<p>En esta regi\u00f3n oriental, antigua provincia de Oriente, tuvo lugar uno de los hechos m\u00e1s admirable, m\u00e1s asombroso, m\u00e1s aleccionador de nuestra historia, la Protesta de Baragu\u00e1 (APLAUSOS); fue protagonizada por un hijo de esta ciudad de Santiago de Cuba: Antonio Maceo (APLAUSOS PROLONGADOS). De esta ciudad sali\u00f3 aquel grupo de leones, los hijos de Mariana Grajales y otros muchos ilustres combatientes y patriotas.<\/p>\r\n\r\n\r\n\r\n<p>Esas tradiciones orientales jugaron un gran papel en la historia de nuestro pa\u00eds. Creo que uno de los aciertos de nuestra generaci\u00f3n y de nuestro grupo revolucionario fue haber estado convencido de que esas tradiciones de lucha, de dignidad, de rebeld\u00eda, de amor a la libertad y a la independencia se manten\u00edan vivas en esta regi\u00f3n del pa\u00eds. Pens\u00e1bamos que tales sentimientos exist\u00edan en todo el pa\u00eds, desde luego; pero que aqu\u00ed, en estas regiones orientales, se manten\u00edan con m\u00e1s fuerza. Fue un acierto porque nos ayud\u00f3 a encaminar nuestra lucha, a seleccionar el escenario y la geograf\u00eda de nuestras luchas, el escenario topogr\u00e1fico ideal y el escenario humano de nuestras luchas, que aqu\u00ed se un\u00edan estrechamente.<\/p>\r\n\r\n\r\n\r\n<p>No son palabras para venir a pronunciar en Santiago de Cuba un primero de enero; hace muchos a\u00f1os, m\u00e1s de 30 a\u00f1os, fueron evidenciadas por los hechos, porque cuando nosotros organizamos con j\u00f3venes occidentales, j\u00f3venes magn\u00edficos, abnegados, disciplinados, valientes, heroicos, el ataque al Moncada, solo reclutamos a un santiaguero. Esto estaba relacionado, desde luego, con la idea de desinformar, con la idea de apartar toda sospecha con relaci\u00f3n a nuestros planes; pero nosotros hab\u00edamos escogido precisamente Santiago de Cuba y la guarnici\u00f3n de Santiago de Cuba para atacar, sencillamente por una raz\u00f3n: \u00bfSi no reclut\u00e1bamos santiagueros a qu\u00e9 se deb\u00eda? Sencillamente porque con la ciudad de Santiago de Cuba, con todos los santiagueros, cont\u00e1bamos de antemano (APLAUSOS PROLONGADOS).<\/p>\r\n\r\n\r\n\r\n<p>Sab\u00edamos que tendr\u00edamos el apoyo de Santiago de Cuba, si no qu\u00e9 sentido habr\u00eda tenido atacar el Moncada y tratar de ocupar miles de armas. \u00bfPara qui\u00e9nes eran esas armas?, para los santiagueros. Tal era nuestra confianza en las tradiciones heroicas, en la valent\u00eda, en el esp\u00edritu de rebeld\u00eda de esta ciudad, que influy\u00f3 en nosotros incluso desde mucho antes del Moncada, porque era la parte de la patria que m\u00e1s conocimos, era la parte de la patria donde se desarroll\u00f3 una buena parte de nuestra infancia, la parte de la patria con la que se vincul\u00f3 una gran parte de nuestros mejores sentimientos y nuestro cari\u00f1o. Pero influyeron Santiago de Cuba y la regi\u00f3n oriental mucho antes de que hubi\u00e9ramos nacido nosotros; influyeron en la vida del pa\u00eds, influyeron en la historia del pa\u00eds.<\/p>\r\n\r\n\r\n\r\n<p>Siempre he pensado que una de las historias m\u00e1s hermosa, m\u00e1s gloriosa, es la historia que ha escrito nuestro pueblo a lo largo de m\u00e1s de 100 a\u00f1os. Y creo que si hubo una guerra heroica, una guerra mucho m\u00e1s heroica que cualquier otra guerra, esa fue nuestra Guerra de los Diez A\u00f1os (APLAUSOS); guerra igualmente extraordinaria fue la \u00faltima de nuestras guerras por la independencia en el siglo pasado. Y creo que ese manantial rico, maravilloso, de historia, tenemos que hacer que se conozca, que lo conozcan los ni\u00f1os, los adolescentes, los estudiantes, los j\u00f3venes, el pueblo; que no se olvide nunca, porque de esa historia surgi\u00f3 la Cuba de hoy.<\/p>\r\n\r\n\r\n\r\n<p>Muchas veces he explicado a visitantes extranjeros c\u00f3mo Cuba fue la \u00faltima en liberarse de Espa\u00f1a, c\u00f3mo en el momento en que Bol\u00edvar, San Mart\u00edn, O&#8217;Higgins, Sucre, Hidalgo, Morelos y tantos otros patriotas escriben la historia de la independencia de Am\u00e9rica \u2014que era un mundo enorme que luch\u00f3 unido contra el coloniaje en momentos azarosos de la historia de Espa\u00f1a, en momentos en que se hab\u00eda producido la invasi\u00f3n napole\u00f3nica y que, incluso, en Espa\u00f1a hab\u00edan impuesto un rey franc\u00e9s\u2014, en aquella coyuntura excepcional se inicia el movimiento por la independencia de Am\u00e9rica Latina y todos aquellos pa\u00edses luchando, m\u00e1s o menos<\/p>\r\n\r\n\r\n\r\n<p>simult\u00e1neamente, alcanzan la independencia. Y en aquella \u00e9poca Cuba era una sociedad esclavista, \u00a1Cuba era una sociedad esclavista!, hab\u00eda cientos de miles de esclavos, principalmente en la regi\u00f3n occidental del pa\u00eds; los espa\u00f1oles eran due\u00f1os de la administraci\u00f3n y el comercio, ten\u00edan el control absoluto de las fuerzas armadas y las fuerzas de orden interno; y los llamados criollos eran los due\u00f1os de las plantaciones de ca\u00f1a y de caf\u00e9, no quer\u00edan ni o\u00edr hablar de la independencia, les aterrorizaba la idea de la independencia, sobre todo a partir de la sublevaci\u00f3n de los esclavos de Hait\u00ed, que fue, dicho sea de paso, el primer pa\u00eds de Am\u00e9rica<\/p>\r\n\r\n\r\n\r\n<p>Latina que se libera antes de Bol\u00edvar, mucho antes de Bol\u00edvar; se subleva contra el poderos\u00edsimo imperio franc\u00e9s, nada menos que contra las tropas de Napole\u00f3n Bonaparte. Y aqu\u00ed los criollos viv\u00edan aterrorizados por la idea de que se produjera una sublevaci\u00f3n similar, y les parec\u00eda que todo lo que fuera so\u00f1ar con la independencia pon\u00eda en peligro sus privilegios de clase social privilegiada.<\/p>\r\n\r\n\r\n\r\n<p>Ese es el origen del anexionismo, fue en aquella \u00e9poca que empez\u00f3 a mirar hacia el Norte todo un sector social. Fueron aquellas circunstancias lo que origin\u00f3 tambi\u00e9n un sentimiento anexionista por parte de Estados Unidos; eran los estados del sur en contradicci\u00f3n con los estados industriales del nordeste; los estados del sur, que se opon\u00edan al cese de la esclavitud y quer\u00edan tener un estado esclavista m\u00e1s asociado a Estados Unidos.<\/p>\r\n\r\n\r\n\r\n<p>En el pasado, cuando nos enga\u00f1aban de todas las formas posibles, nos dec\u00edan, por ejemplo, que Narciso L\u00f3pez hab\u00eda sido precursor de la independencia; y, realmente, despu\u00e9s la verdad hist\u00f3rica comprobaba que Narciso L\u00f3pez lleg\u00f3 a Cuba estimulado, apadrinado y suministrado por los estados esclavistas del sur de Estados Unidos, y que no hab\u00eda tales ideales o prop\u00f3sitos independentistas, sino prop\u00f3sitos anexionistas. Quiso en ese caso el destino que la derrota de aquellas expediciones ayudara al futuro independiente de la patria.<\/p>\r\n\r\n\r\n\r\n<p>Esa bandera que con tanto respeto saludamos, con tan merecido y profundo respeto, fue enarbolada la primera vez por los anexionistas. Y hoy es nuestra bandera soberana porque la hicieron soberana, la hicieron heroica, la hicieron inmortal nuestros independentistas a partir de 1868 (APLAUSOS).<\/p>\r\n\r\n\r\n\r\n<p>Vean qu\u00e9 lecciones ofrece la historia, cuando reina la confusi\u00f3n qu\u00e9 cosas pueden ocurrir; sin embargo, nuestro pueblo fue capaz de salir de toda esa confusi\u00f3n. Dur\u00f3 tiempo el movimiento anexionista y el sentimiento anexionista sigui\u00f3, incluso, de cierta forma a lo largo de la Rep\u00fablica. Qu\u00e9 son todos aquellos que abandonaron la patria, todos aquellos burgueses, terratenientes, sectores ricos o sectores confundidos, o gente confundida, sino la reminiscencia de aquella \u00e9poca del esclavismo, cuando los ricos no quer\u00edan siquiera patria.<\/p>\r\n\r\n\r\n\r\n<p>Surgieron no obstante en nuestra historia hombres preclaros, hombres que a pesar de tener riqueza quer\u00edan patria, y estaban dispuestos a sacrificar la riqueza por la patria, como fueron: Carlos Manuel de C\u00e9spedes, Vicente Aguilera, Ignacio Agramonte y otros muchos (APLAUSOS). Empezaron sus luchas libertadoras por aqu\u00ed, por estas provincias, que era donde hab\u00eda menos esclavismo; la inmensa mayor\u00eda de los esclavos estaba en la regi\u00f3n occidental del pa\u00eds, que era donde m\u00e1s se hab\u00edan desarrollado las plantaciones de ca\u00f1a y de caf\u00e9 en la primera mitad del siglo pasado.<\/p>\r\n\r\n\r\n\r\n<p>Las luchas de independencia comienzan por aqu\u00ed, donde hab\u00eda m\u00e1s campesinos libres, menos esclavistas, donde los ricos son menos reaccionarios, donde aquellos hacendados fueron capaces de ir desarrollando un sentimiento nacional, una idea de la identidad nacional y una idea de la patria; aunque cuando se inicia la Guerra de Independencia hay todav\u00eda determinada confusi\u00f3n en el pensamiento pol\u00edtico cubano, se manifiesta en los primeros meses de la guerra de 1868 \u2014de este tema ya hemos hablado en otra ocasi\u00f3n, con motivo del centenario del Grito de Yara. Pero vean ustedes la importancia de las ideas, de los conceptos,<\/p>\r\n\r\n\r\n\r\n<p>de la claridad de pensamiento en cada uno de los momentos decisivos de la historia; porque quedan todav\u00eda, incluso, reminiscencias de aquellos tiempos, aunque en grado infinitamente menor. Sobre todo, se produce una vez m\u00e1s la identificaci\u00f3n entre los intereses de clases explotadoras y los sentimientos antipatri\u00f3ticos, los sentimientos proimperialistas. De ah\u00ed la importancia de la historia y la importancia de las ideas.<\/p>\r\n\r\n\r\n\r\n<p>Creo que un d\u00eda como hoy es justo recordar c\u00f3mo las ideas nobles y patri\u00f3ticas, enraizadas en la poblaci\u00f3n de las regiones orientales del pa\u00eds, jugaron un papel fundamental, un papel decisivo en la \u00faltima guerra de liberaci\u00f3n.<\/p>\r\n\r\n\r\n\r\n<p>Me hab\u00eda olvidado mencionar, entre los grandes acontecimientos hist\u00f3ricos que se originaron en esta provincia, la inmortal haza\u00f1a de la invasi\u00f3n protagonizada por las tropas de Maceo y de M\u00e1ximo G\u00f3mez (APLAUSOS).<\/p>\r\n\r\n\r\n\r\n<p>Todos estos hechos y todos estos factores produjeron una influencia tremenda en nuestra historia y una influencia tremenda en nuestra \u00faltima lucha por la liberaci\u00f3n. Pienso que en aquel primero de enero de 1959, se juntan y se sintetizan todas estas ideas y todos estos sentimientos.<\/p>\r\n\r\n\r\n\r\n<p>Hay que decir que este esp\u00edritu se prolong\u00f3 a lo largo de estos 30 a\u00f1os. \u00bfQu\u00e9 hizo posible la proeza hist\u00f3rica de las misiones internacionalistas de nuestro pueblo revolucionario? \u00bfQu\u00e9 hizo posible la conducta de nuestros hombres en Cuito Cuanavale (APLAUSOS PROLONGADOS), el avance impetuoso de nuestras fuerzas en el frente sudoccidental de Angola, las victoriosas acciones de Techipa, de Calueque y otras, que dieron lugar a los acuerdos de paz recientemente suscritos? \u00bfQu\u00e9 hizo posible este maravilloso esp\u00edritu internacionalista, este desinter\u00e9s, esta ejemplar solidaridad de nuestro pueblo, de los cubanos, su conducta frente a cada tarea dif\u00edcil, frente a cada desaf\u00edo? Fueron esos sentimientos que empezaron a sembrarse en Yara, esos sentimientos patri\u00f3ticos y adem\u00e1s de patri\u00f3ticos, internacionalistas; esos sentimientos que se sembraron en Baragu\u00e1, esos sentimientos que prosiguieron en Baire, esos sentimientos que se continuaron en el Moncada y el \u201cGranma\u201d, y que emergieron luminosos aquel primero de enero de 1959 (APLAUSOS).<\/p>\r\n\r\n\r\n\r\n<p>La historia de un pa\u00eds no se escribe en un d\u00eda, los sentimientos de un pa\u00eds no se forjan en un d\u00eda. No se forjaron en un d\u00eda nuestros sentimientos y nuestra historia; pero s\u00ed tengo la convicci\u00f3n de que esos sentimientos han sido capaces de alcanzar un grado muy alto, \u00a1un grado muy alto! (APLAUSOS), de lo cual hoy podemos enorgullecernos, y estoy seguro de que se enorgullecer\u00edan de ello tambi\u00e9n nuestros antepasados, los que lucharon en nuestras guerras de independencia, nuestros mambises sembradores de esa fecunda semilla, los que lucharon y cayeron a lo largo de nuestra historia, los que lucharon y cayeron en el Moncada, en el \u201cGranma\u201d y en la Sierra Maestra, y los que han dado su generosa contribuci\u00f3n de sangre en las nobles e insuperables misiones internacionalistas llevadas a cabo por nuestro pueblo (APLAUSOS).<\/p>\r\n\r\n\r\n\r\n<p>No fue en vano la heroica y gloriosa Protesta de Baragu\u00e1, cuando nos ense\u00f1\u00f3 la intransigencia revolucionaria, cuando nos ense\u00f1\u00f3 la lealtad a los principios; no fue en vano la sangre derramada por Mart\u00ed, cuando nos ense\u00f1\u00f3 tambi\u00e9n la intransigencia revolucionaria y la lealtad a los principios (APLAUSOS). Estoy seguro de que ellos so\u00f1aron un pueblo como este (APLAUSOS).<\/p>\r\n\r\n\r\n\r\n<p>Ese es el significado que tiene un primero de enero, que no por mucho que se mencione o se repita se llega a captar en toda su dimensi\u00f3n moral e hist\u00f3rica. A la luz de ello, con tanta m\u00e1s raz\u00f3n nos produce satisfacci\u00f3n esa bandera, ese t\u00edtulo de Ciudad H\u00e9roe concedido a esta ciudad y con ella a las provincias orientales del pa\u00eds (APLAUSOS PROLONGADOS).<\/p>\r\n\r\n\r\n\r\n<p>Hoy recordamos aquel XXX aniversario, m\u00e1s sosegadamente, quiz\u00e1s, que aquel d\u00eda, pero m\u00e1s conscientes que nunca de nuestra fuerza, m\u00e1s creyentes que nunca en las infinitas cualidades morales de nuestro pueblo, m\u00e1s convencidos que nunca de que estas provincias ser\u00e1n baluartes invencibles de la Revoluci\u00f3n (APLAUSOS), como lo es hoy toda Cuba, donde creci\u00f3 fecunda la semilla del ejemplo de ustedes (APLAUSOS); m\u00e1s unidos que nunca nuestros pueblos con estos lazos hist\u00f3ricos, que no en balde la ciudad de La Habana nos envi\u00f3 a Mart\u00ed, ca\u00eddo en Dos R\u00edos, cuyos restos se guardan con tanto amor en esta ciudad, y no en balde Santiago envi\u00f3 a La Habana a Antonio Maceo (APLAUSOS), cuyos restos son hoy como un templo para nuestros compatriotas occidentales.<\/p>\r\n\r\n\r\n\r\n<p>Por eso, compa\u00f1eras y compa\u00f1eros de Santiago, veteranos de nuestras luchas, hombres y mujeres adolescentes, j\u00f3venes o maduros, estudiantes, trabajadores, combatientes orientales, nos complace mucho, much\u00edsimo, que aqu\u00ed, en la ciudad de Santiago de Cuba, iniciemos el cuarto decenio de la Revoluci\u00f3n victoriosa (APLAUSOS PROLONGADOS).<\/p>\r\n\r\n\r\n\r\n<p>Aquellos que sue\u00f1an con que la Revoluci\u00f3n podr\u00e1 ser alguna vez batida, se enga\u00f1an; aquellos que sue\u00f1an tales desvar\u00edos ignoran que esta Revoluci\u00f3n, que es la continuaci\u00f3n de la historia de nuestra patria, su etapa m\u00e1s alta \u2014pudi\u00e9ramos decir\u2014, cumplir\u00e1 los 40, cumplir\u00e1 los 50, cumplir\u00e1 los 60 y cumplir\u00e1 los 100 a\u00f1os, y muchos m\u00e1s a\u00f1os, de eso no tenemos duda (APLAUSOS).<\/p>\r\n\r\n\r\n\r\n<p>Habr\u00e1 tal vez que remozar m\u00e1s de una vez este edificio, habr\u00e1 tal vez que fortalecer estos balcones, pero no tengo ninguna duda de que en cada una de esas fechas hist\u00f3ricas a los 40, a los 50, a los 60, a los 100 a\u00f1os de Revoluci\u00f3n, alguien vendr\u00e1 aqu\u00ed a hablarles del primero de enero de 1959 (APLAUSOS Y EXCLAMACIONES DE: \u201c\u00a1Fidel, Fidel, Fidel!\u201d) \u00bfQu\u00e9 \u00e9ramos aquel primero de enero, aparte de la bravura, de la valent\u00eda de nuestro pueblo y de nuestros combatientes; aparte de las ansias de libertad, aparte del af\u00e1n de construir una patria nueva?<\/p>\r\n\r\n\r\n\r\n<p>\u00bfCu\u00e1ntos ingenieros ten\u00edamos, cu\u00e1ntos proyectistas, cu\u00e1ntos agr\u00f3nomos, cu\u00e1ntos veterinarios, cu\u00e1ntos maestros, cu\u00e1ntos profesores, cu\u00e1ntos m\u00e9dicos, cu\u00e1ntos especialistas, cu\u00e1ntos oficiales, cu\u00e1ntos cuadros, cu\u00e1ntos militantes del Partido y de nuestra Juventud, cu\u00e1ntos sindicatos, cu\u00e1ntas organizaciones de masa? Nada de esto ten\u00edamos cuando nos enfrentamos a una de las p\u00e1ginas m\u00e1s gloriosas de nuestra historia, que han sido estos 30 a\u00f1os, en lo que comenz\u00f3 siendo una lucha contra los privilegiados en nuestro pa\u00eds, contra los t\u00edteres, contra el ej\u00e9rcito mercenario, contra latifundistas, terratenientes y explotadores de toda laya, y termin\u00f3 siendo despu\u00e9s la lucha contra la agresi\u00f3n, las amenazas, los bloqueos y los poderes del imperio m\u00e1s poderoso en la historia de la humanidad. Aqu\u00ed estamos, porque hemos sabido resistir estos 30 a\u00f1os, lo que tal vez muy pocos creyeron, lo que tal vez nadie en el mundo pudiera imaginarse; aqu\u00ed estamos tras 30 a\u00f1os de lucha dura, valiente, inteligente de nuestro pueblo frente a todas las amenazas y contra todos los riesgos, esa fue nuestra mayor haza\u00f1a. Y con lo que contamos hoy, ni so\u00f1ar entonces; son cientos de miles de maestros, de profesores, de t\u00e9cnicos; decenas de miles de ingenieros, proyectistas, agr\u00f3nomos, especialistas de todo tipo; decenas de miles de m\u00e9dicos tenemos hoy para velar por la salud de nuestro pueblo, diez veces m\u00e1s que los m\u00e9dicos que nos dejaron aqu\u00ed al triunfo de la Revoluci\u00f3n. Poseemos una enorme fuerza intelectual y t\u00e9cnica, una juventud sana, vigorosa, magn\u00edfica que ha sido capaz de escribir las proezas de estas d\u00e9cadas; una juventud que yo estoy seguro de que es cada vez mejor y de que es cada vez m\u00e1s capaz de la firmeza y del hero\u00edsmo (APLAUSOS).<\/p>\r\n\r\n\r\n\r\n<p>Con eso y con la experiencia extraordinaria acumulada por nuestro pueblo en estos 30 a\u00f1os, contamos para enfrentarnos al porvenir, y s\u00ed mucho se ha hecho \u2014errores aparte, deficiencias aparte\u2014, es m\u00e1s lo que podremos hacer en el futuro, porque estoy seguro de que con lo que hoy contamos, podemos convertir cada a\u00f1o en dos a\u00f1os, en tres a\u00f1os, en cuatro a\u00f1os. Eso es lo que estamos tratando de hacer en estos instantes.<\/p>\r\n\r\n\r\n\r\n<p>Aquel primero de enero fue un d\u00eda de definiciones, en que se dijo algo que hab\u00eda que decir todav\u00eda, porque hab\u00eda sido muy larga la historia de enga\u00f1os, hab\u00eda sido muy larga la historia de politiqueros a lo largo de la Rep\u00fablica mediatizada; hab\u00eda que decir que esta vez era en serio, que no se pod\u00eda confundir un golpe de Estado con una revoluci\u00f3n, una de las grandes cosas que aprendi\u00f3 nuestro pueblo aquel primero de enero, al salirle al paso a la maniobra y desbaratarla; porque nuestro pueblo quer\u00eda cambios, nuestro pueblo quer\u00eda una revoluci\u00f3n, y los cambios ten\u00edan que ser profundos, los cambios ten\u00edan que ser fundamentales, la sociedad de la explotaci\u00f3n ten\u00eda que desaparecer, y al pueblo le dijimos: \u00a1Esta vez ha triunfado la Revoluci\u00f3n, esta vez los postulados de la Revoluci\u00f3n se cumplir\u00e1n!<\/p>\r\n\r\n\r\n\r\n<p>No olvidar\u00e9 nunca que aquella fue la esencia de lo que planteamos el primero de enero, c\u00f3mo a ra\u00edz de los acontecimientos del ataque al Moncada fueron proclamados los principios esenciales y los objetivos primordiales de nuestra Revoluci\u00f3n, dos veces aqu\u00ed en Santiago de Cuba: all\u00e1, en la sala de un hospital cuando nos juzgaban por los hechos del Moncada, y aqu\u00ed el primero de enero. Hoy, con la m\u00e1s profunda convicci\u00f3n, digo que nuestra Revoluci\u00f3n seguir\u00e1 adelante, nuestra Revoluci\u00f3n verdadera porque es una revoluci\u00f3n socialista y porque es una revoluci\u00f3n marxista\u2010leninista (APLAUSOS).<\/p>\r\n\r\n\r\n\r\n<p>Socialismo, algo de lo que no pod\u00eda ni hablarse todav\u00eda el primero de enero, en medio del esp\u00edritu maccarthista que hab\u00eda prevalecido en este hemisferio y el fren\u00e9tico anticomunismo de los \u00f3rganos de difusi\u00f3n y orientaci\u00f3n del pueblo y de todas las instituciones burguesas, en medio de la confusi\u00f3n existente. Pero no tard\u00f3 mucho la Revoluci\u00f3n en hablar de socialismo, porque si se dec\u00eda: habr\u00e1 una verdadera revoluci\u00f3n, no pod\u00eda existir ninguna revoluci\u00f3n verdadera en nuestro pa\u00eds que no fuera socialista. Por eso aquel 16 de abril, apenas dos a\u00f1os y medio despu\u00e9s del primero de enero y cuando nuestros combatientes se preparaban para enfrentarse a la invasi\u00f3n mercenaria, y tal vez a la agresi\u00f3n imperialista, fue proclamado el<\/p>\r\n\r\n\r\n\r\n<p>car\u00e1cter socialista de nuestra Revoluci\u00f3n (APLAUSOS). Y no mucho tiempo despu\u00e9s se habl\u00f3 no solo de socialismo, sino que se proclam\u00f3 el car\u00e1cter marxista\u2010leninista de nuestra Revoluci\u00f3n socialista (APLAUSOS).<\/p>\r\n\r\n\r\n\r\n<p>\u00a1Hoy, 30 a\u00f1os despu\u00e9s de aquel primero de enero, podemos asegurar que nuestro pueblo ser\u00e1 siempre fiel a los principios del socialismo! (APLAUSOS), \u00a1que nuestro pueblo ser\u00e1 siempre leal a los principios del marxismo\u2010leninismo! (APLAUSOS), \u00a1que nuestro pueblo ser\u00e1 siempre leal a los principios del internacionalismo! (APLAUSOS) Que inconmoviblemente fieles a esos principios lucharemos y trabajaremos por hacer cada d\u00eda mejor a nuestra Revoluci\u00f3n, por hacerla cada d\u00eda m\u00e1s eficiente, por hacerla cada d\u00eda m\u00e1s perfecta (APLAUSOS).<\/p>\r\n\r\n\r\n\r\n<p>Y en estos tiempos de confusi\u00f3n en que nuestra Revoluci\u00f3n, que tanto asusta a los reaccionarios en el mundo y que tanto asusta al imperio, se yergue como un faro de luz ante los ojos del mundo; en estos instantes y en este primero de enero, podemos afirmar que estamos conscientes de la enorme responsabilidad que ante los pueblos del mundo, ante los trabajadores del mundo y fundamentalmente ante los pueblos del Tercer Mundo tiene hoy nuestro proceso revolucionario, y que sabremos estar siempre a la altura de esa responsabilidad (APLAUSOS).<\/p>\r\n\r\n\r\n\r\n<p>Por eso, con m\u00e1s fuerza que nunca, digamos hoy: \u00a1Socialismo o muerte!, \u00a1marxismo\u2010leninismo o muerte! (APLAUSOS), que eso es lo que significa hoy lo que tantas veces hemos repetido a lo largo de estos a\u00f1os:<\/p>\r\n\r\n\r\n\r\n<p>\u00a1Patria o Muerte! <br \/>\u00a1Venceremos!<br \/>(OVACI\u00d3N)<\/p>\r\n\r\n\r\n\r\n<p><strong>Nota:<\/strong> el t\u00edtulo completo del presente documento es:<\/p>\r\n\r\n\r\n\r\n<p>DISCURSO PRONUNCIADO POR FIDEL CASTRO RUZ, PRESIDENTE DE LA REP\u00daBLICA DE CUBA, EN EL ACTO SOLEMNE EN CONMEMORACI\u00d3N DEL XXX ANIVERSARIO DEL TRIUNFO DE LA REVOLUCI\u00d3N, EN SANTIAGO DE CUBA, EL 1\u00ba DE ENERO DE 1989, \u201cA\u00d1O XXXI DE LA REVOLUCI\u00d3N\u201d.<\/p>\r\n\r\n\r\n\r\n<p>(VERSIONES TAQUIGR\u00c1FICAS \u2015 CONSEJO DE ESTADO)<\/p>\r\n","protected":false},"excerpt":{"rendered":"<p>Fidel Castro realiza una recuento que destaca la importancia de la armon\u00eda revolucionaria entre t\u00e1ctica y estrategia en el marco de los diversos sucesos ocurridos alrededor del 1 de enero de 1959. <\/p>\n","protected":false},"author":1,"featured_media":1578,"comment_status":"open","ping_status":"open","sticky":false,"template":"","format":"standard","meta":{"rop_custom_images_group":[],"rop_custom_messages_group":[],"rop_publish_now":"initial","rop_publish_now_accounts":[],"rop_publish_now_history":[],"rop_publish_now_status":"pending","_exactmetrics_skip_tracking":false,"_exactmetrics_sitenote_active":false,"_exactmetrics_sitenote_note":"","_exactmetrics_sitenote_category":0,"footnotes":""},"categories":[8],"tags":[],"class_list":["post-1577","post","type-post","status-publish","format-standard","has-post-thumbnail","hentry","category-historia-del-movimiento-comunista"],"wppr_data":{"cwp_meta_box_check":"No"},"_links":{"self":[{"href":"https:\/\/elmachete.mx\/index.php\/wp-json\/wp\/v2\/posts\/1577","targetHints":{"allow":["GET"]}}],"collection":[{"href":"https:\/\/elmachete.mx\/index.php\/wp-json\/wp\/v2\/posts"}],"about":[{"href":"https:\/\/elmachete.mx\/index.php\/wp-json\/wp\/v2\/types\/post"}],"author":[{"embeddable":true,"href":"https:\/\/elmachete.mx\/index.php\/wp-json\/wp\/v2\/users\/1"}],"replies":[{"embeddable":true,"href":"https:\/\/elmachete.mx\/index.php\/wp-json\/wp\/v2\/comments?post=1577"}],"version-history":[{"count":2,"href":"https:\/\/elmachete.mx\/index.php\/wp-json\/wp\/v2\/posts\/1577\/revisions"}],"predecessor-version":[{"id":1616,"href":"https:\/\/elmachete.mx\/index.php\/wp-json\/wp\/v2\/posts\/1577\/revisions\/1616"}],"wp:featuredmedia":[{"embeddable":true,"href":"https:\/\/elmachete.mx\/index.php\/wp-json\/wp\/v2\/media\/1578"}],"wp:attachment":[{"href":"https:\/\/elmachete.mx\/index.php\/wp-json\/wp\/v2\/media?parent=1577"}],"wp:term":[{"taxonomy":"category","embeddable":true,"href":"https:\/\/elmachete.mx\/index.php\/wp-json\/wp\/v2\/categories?post=1577"},{"taxonomy":"post_tag","embeddable":true,"href":"https:\/\/elmachete.mx\/index.php\/wp-json\/wp\/v2\/tags?post=1577"}],"curies":[{"name":"wp","href":"https:\/\/api.w.org\/{rel}","templated":true}]}}