{"id":2630,"date":"2021-05-12T18:12:52","date_gmt":"2021-05-12T23:12:52","guid":{"rendered":"https:\/\/elmachete.mx\/?p=2630"},"modified":"2021-05-12T18:25:46","modified_gmt":"2021-05-12T23:25:46","slug":"otra-vez-palestina","status":"publish","type":"post","link":"https:\/\/elmachete.mx\/index.php\/2021\/05\/12\/otra-vez-palestina\/","title":{"rendered":"Otra vez Palestina"},"content":{"rendered":"<p><img loading=\"lazy\" decoding=\"async\" class=\" wp-image-2631 aligncenter\" src=\"https:\/\/elmachete.mx\/wp-content\/uploads\/2021\/05\/57492336_303-e1620861011776-300x162.jpg\" alt=\"\" width=\"409\" height=\"221\" srcset=\"https:\/\/elmachete.mx\/wp-content\/uploads\/2021\/05\/57492336_303-e1620861011776-300x162.jpg 300w, https:\/\/elmachete.mx\/wp-content\/uploads\/2021\/05\/57492336_303-e1620861011776-640x347.jpg 640w, https:\/\/elmachete.mx\/wp-content\/uploads\/2021\/05\/57492336_303-e1620861011776-50x27.jpg 50w, https:\/\/elmachete.mx\/wp-content\/uploads\/2021\/05\/57492336_303-e1620861011776-600x325.jpg 600w, https:\/\/elmachete.mx\/wp-content\/uploads\/2021\/05\/57492336_303-e1620861011776.jpg 700w\" sizes=\"auto, (max-width: 409px) 100vw, 409px\" \/><\/p>\n<p>&nbsp;<\/p>\n<p style=\"text-align: right;\">Por: Ricardo Mendoza<\/p>\n<p>&nbsp;<\/p>\n<p style=\"text-align: justify;\">Una vez m\u00e1s la tragedia en palestina ocupa los espacios informativos alrededor del mundo, en cosa de minutos los espacios de noticias muestran las im\u00e1genes del horror que a diario viven los palestinos, multiplicado por 100. Los infantes asesinados, las casas derruidas, el brillo de las explosiones que iluminan Gaza, las columnas de humo que se alzan sobre el campo de concentraci\u00f3n m\u00e1s grande en la historia de la humanidad, el sufrimiento de un pueblo que es cotidiano, pero al que los <em>mass media<\/em> solo voltean cuando la escalada toma niveles de guerra abierta.<\/p>\n<p style=\"text-align: justify;\">Vivir en Palestina es vivir en un territorio ocupado, en una tierra en la que d\u00eda tras d\u00eda el invasor humilla, golpea y asesina. A la m\u00e1s m\u00ednima sospecha, o solo por diversi\u00f3n el soldado sionista -cuyos or\u00edgenes se ubican en cualquier pa\u00eds europeo americano- tiene libertad para vejar a los palestinos. Y encima, si protestan, si se atreven a lanzar una sola roca contra el ocupante, la respuesta es el asesinato.<\/p>\n<p style=\"text-align: justify;\">Hasta principios de abril de 2021 Israel manten\u00eda a 221 ni\u00f1os palestinos en sus prisiones, 543 durante 2020. En las c\u00e1rceles sionistas los infantes sufren violencia f\u00edsica y verbal, palizas, insultos y tocamientos a sus cuerpos desnudos, no reciben atenci\u00f3n medica ni se les permite contar con asesor\u00eda legal, en la pr\u00e1ctica se encuentran <strong>secuestrados<\/strong>. Los juicios son r\u00e1pidos, a los ni\u00f1os apenas si se les traduce lo que dicen sus acusadores y una vez condenados enfrentan condiciones inhumanas en las c\u00e1rceles israel\u00edes, agua insalubre, comida podrida, celdas en las peores condiciones sanitarias y las visitas de sus familiares sometidas al capricho de las autoridades.<\/p>\n<p style=\"text-align: justify;\">Por si fuera poco, cada que los palestinos intentan defenderse se habla de una escalada de tensi\u00f3n, se habla de \u201c<em>enfrentamientos<\/em>\u201d, como si fuera algo igualitario el defenderse con piedras contra balas. Ni siquiera los misiles artesanales que la resistencia palestina lanza desde Gaza pueden equipararse al moderno armamento del ejercito sionista, que, adem\u00e1s cuenta con un arsenal aproximado de 90 ojivas nucleares. <strong>\u00bfAlguna vez han le\u00eddo noticia alguna de sanciones econ\u00f3micas a Israel por poseer armamento nuclear?<\/strong><\/p>\n<p style=\"text-align: justify;\">Seguramente tampoco han le\u00eddo muchas condenas explicitas a esta nueva agresi\u00f3n israel\u00ed contra Gaza, y s\u00ed, muchos pretextos; que si los palestinos tienen que aprender a vivir en paz con sus verdugos; que si todo es culpa de Hamas porque son terroristas; que si tan mal viven los palestinos por qu\u00e9 si les alcanza para comprar misiles; que Israel tiene derecho a vivir en paz.<\/p>\n<p><strong>\u00bfVivir en paz?<\/strong> Hablemos de paz. Los que justifican la masacre en Gaza suelen poner como ejemplo la sociedad israel\u00ed occidentalizada, mientras se ponen una venda en los ojos para no ver, y as\u00ed no tener que hablar, de las diarias violaciones a los derechos humanos que los sionistas comenten contra los palestinos. Para no remitirnos a hechos hist\u00f3ricos bien conocidos, veamos las principales provocaciones que desembocaron en esta nueva escalada de violencia.<\/p>\n<p style=\"text-align: justify;\">Por un lado, tenemos al criminal de guerra, el primer ministro israel\u00ed, Benjam\u00edn Netanyahu, quien es el primer beneficiado de esta crisis, pues enfrentaba la amenaza de ser depuesto por una alianza de partidos opositores que planeaban establecer una coalici\u00f3n de gobierno que desalojara del poder a Netanyahu.<\/p>\n<p style=\"text-align: justify;\">En cierto modo el primer ministro sionista maniobr\u00f3 para avivar el conflicto, pues en pleno Ramad\u00e1n la polic\u00eda israel\u00ed acordon\u00f3 la Puerta de Damasco a la Ciudad Vieja de Jerusal\u00e9n, provocando una serie de disturbios con los palestinos. Adem\u00e1s, tambi\u00e9n se encuentran en curso las protestas palestinas ante la posibilidad de que la Corte Suprema de Israel apruebe el desalojo por la fuerza de las familias palestinas que viven en el barrio Sheikh Jarrah de Jerusal\u00e9n ocupada.<\/p>\n<p style=\"text-align: justify;\">El ataque con misiles de la resistencia palestina se dio el mismo d\u00eda en que sionistas ultraderechistas se preparaban para realizar la Marcha de la Bandera, un desfile que conmemora la victoria israel\u00ed en la Guerra de los Seis D\u00edas y la conquista de Jerusal\u00e9n Este. Y adem\u00e1s, luego de que el lunes 10 la polic\u00eda desalojara a golpes la mezquita Al-Aqsa. Es decir que estamos ante la respuesta a una provocaci\u00f3n, pero tambi\u00e9n ante la respuesta al apartheid que diariamente sufren los palestinos. Sin ir m\u00e1s lejos, mientras escrib\u00eda este art\u00edculo en redes sociales se difund\u00eda un video en el que decenas de j\u00f3venes sionistas linchaban a un automovilista palestino, algo que, por supuesto, no se ver\u00e1 en televisi\u00f3n.<\/p>\n<p style=\"text-align: justify;\">En Jerusal\u00e9n del Este y Cisjordania, territorios ilegalmente ocupados, los sionistas mantienen 240 asentamientos y unos 650,000 colonos, colonos que diariamente insultan o apedrean a los palestinos, invasores que diariamente los agreden y humillan. Israel presume de haber vacunado a toda su poblaci\u00f3n, omitiendo que han segregado a los palestinos y ni siquiera les permiten tener acceso al medicamento m\u00ednimo necesario para enfrentar la pandemia de Covid 19.<\/p>\n<p style=\"text-align: justify;\">Jud\u00edo no es sin\u00f3nimo de sionista, expresiones de izquierda israel\u00edes y jud\u00edos ortodoxos en los Estados Unidos ya se han manifestado contra la pol\u00edtica de guerra sionista. El colaboracionismo palestino expresado en la inacci\u00f3n del presidente Mahmud Abbas favorece la expoliaci\u00f3n de su propia gente con tal de mantener sus privilegios. El genocidio que sufre el pueblo palestino no es tolerable ni justificable. Cualquier persona con un m\u00ednimo de conciencia debe rechazar el apartheid sionista y m\u00e1s los comunistas.<\/p>\n","protected":false},"excerpt":{"rendered":"<p>Una vez m\u00e1s la tragedia en palestina ocupa los espacios informativos alrededor del mundo, en cosa de minutos los espacios de noticias muestran las im\u00e1genes del horror que a diario viven los palestinos.<\/p>\n","protected":false},"author":1,"featured_media":2631,"comment_status":"open","ping_status":"open","sticky":false,"template":"","format":"standard","meta":{"rop_custom_images_group":[],"rop_custom_messages_group":[],"rop_publish_now":"initial","rop_publish_now_accounts":[],"rop_publish_now_history":[],"rop_publish_now_status":"pending","_exactmetrics_skip_tracking":false,"_exactmetrics_sitenote_active":false,"_exactmetrics_sitenote_note":"","_exactmetrics_sitenote_category":0,"footnotes":""},"categories":[728],"tags":[784,785,783],"class_list":["post-2630","post","type-post","status-publish","format-standard","has-post-thumbnail","hentry","category-politica","tag-bombardeo","tag-israel","tag-palestina"],"wppr_data":{"cwp_meta_box_check":"No"},"_links":{"self":[{"href":"https:\/\/elmachete.mx\/index.php\/wp-json\/wp\/v2\/posts\/2630","targetHints":{"allow":["GET"]}}],"collection":[{"href":"https:\/\/elmachete.mx\/index.php\/wp-json\/wp\/v2\/posts"}],"about":[{"href":"https:\/\/elmachete.mx\/index.php\/wp-json\/wp\/v2\/types\/post"}],"author":[{"embeddable":true,"href":"https:\/\/elmachete.mx\/index.php\/wp-json\/wp\/v2\/users\/1"}],"replies":[{"embeddable":true,"href":"https:\/\/elmachete.mx\/index.php\/wp-json\/wp\/v2\/comments?post=2630"}],"version-history":[{"count":2,"href":"https:\/\/elmachete.mx\/index.php\/wp-json\/wp\/v2\/posts\/2630\/revisions"}],"predecessor-version":[{"id":2633,"href":"https:\/\/elmachete.mx\/index.php\/wp-json\/wp\/v2\/posts\/2630\/revisions\/2633"}],"wp:featuredmedia":[{"embeddable":true,"href":"https:\/\/elmachete.mx\/index.php\/wp-json\/wp\/v2\/media\/2631"}],"wp:attachment":[{"href":"https:\/\/elmachete.mx\/index.php\/wp-json\/wp\/v2\/media?parent=2630"}],"wp:term":[{"taxonomy":"category","embeddable":true,"href":"https:\/\/elmachete.mx\/index.php\/wp-json\/wp\/v2\/categories?post=2630"},{"taxonomy":"post_tag","embeddable":true,"href":"https:\/\/elmachete.mx\/index.php\/wp-json\/wp\/v2\/tags?post=2630"}],"curies":[{"name":"wp","href":"https:\/\/api.w.org\/{rel}","templated":true}]}}