{"id":2929,"date":"2021-07-16T14:13:56","date_gmt":"2021-07-16T19:13:56","guid":{"rendered":"https:\/\/elmachete.mx\/?p=2929"},"modified":"2021-07-16T23:47:32","modified_gmt":"2021-07-17T04:47:32","slug":"en-memoria-del-guaymas-su-otra-labor","status":"publish","type":"post","link":"https:\/\/elmachete.mx\/index.php\/2021\/07\/16\/en-memoria-del-guaymas-su-otra-labor\/","title":{"rendered":"En memoria de \u201cEl Guaymas\u201d. Su otra labor"},"content":{"rendered":"<p>\u00c1ngel Ch\u00e1vez<\/p>\n<p>En los \u00faltimos d\u00edas bastante se ha escrito en Memoria de Mario \u00c1lvaro Cartagena \u201cEl Guaymas\u201d, se ha destacado su historia de entrega militante durante su pertenencia al movimiento guerrillero y la labor que realizaba en m\u00faltiples frentes, grupos de derechos humanos, grupos de solidaridad con desaparecidos, su permanente apoyo a la Revoluci\u00f3n Cubana, la militancia dentro de comit\u00e9s derivados de los acontecimientos del 68 y el 71. En general se ha hablado de su labor cotidiana y p\u00fablicamente conocida, yo quiero hablarles de su otra labor, la de impulsar y apoyar a un grupo de j\u00f3venes que se iniciaban en la pol\u00edtica. Tal vez detr\u00e1s de la discreci\u00f3n del \u201cGuaymas\u201d resulte que esta otra labor la reprodujo tambi\u00e9n con otros.<\/p>\n<p>&nbsp;<\/p>\n<p>La \u00faltima vez que vi al compa\u00f1ero \u201cGuaymas\u201d fue el lunes 12 en el mitin afuera de la embajada de Cuba, lugar donde m\u00faltiples veces nos encontramos e intercambiamos impresiones de la situaci\u00f3n pol\u00edtica de M\u00e9xico y el mundo. El \u00faltimo peri\u00f3dico pol\u00edtico que compr\u00f3 el \u201cGuaymas\u201d fue <em>El Machete<\/em>, lo tom\u00f3 de mano de un camarada y reiter\u00f3 que hab\u00edamos tardado en d\u00e1rselo, pues desde que se anunci\u00f3 el regreso de <em>El Machete<\/em> nos escribi\u00f3 entusiasmado para adquirirlo. Estos son los \u00faltimos recuerdos que tengo de el \u201cGuaymas\u201d, pero quiz\u00e1 traer a cuenta los primeros ayude a dimensionar mejor la forma en que yo y otros camaradas convivimos con \u00e9l y lo que le debemos.<\/p>\n<p>A diferencia de los intelectuales y acad\u00e9micos que con un sesgo de morbo se ocupan del estudio del movimiento guerrillero, de las acciones armadas y de la clandestinidad, los comunistas de hoy nos interesamos de estudiar el conjunto de las experiencias de la lucha por el socialismo en M\u00e9xico, no solo nos interesa la guerrilla o los avatares del PCM y el movimiento obrero, buscamos estudiar de forma cr\u00edtica todas las experiencias para nuestra labor pr\u00e1ctica de la actualidad. Por eso, cuando un grupo de camaradas y yo conocimos la historia del \u201cGuaymas\u201d ya hace diez a\u00f1os, empezamos una aproximaci\u00f3n con \u00e9l hasta establecer un contacto constante por medio de un camarada que se encarg\u00f3 de explicarle qui\u00e9nes \u00e9ramos, qu\u00e9 busc\u00e1bamos y c\u00f3mo ped\u00edamos que nos ayudara. En ese entonces yo formaba parte de la Juventud Comunista Revolucionaria (JCR) que posteriormente se integrar\u00eda al Partido Comunista de M\u00e9xico.<\/p>\n<p>La mayor\u00eda de los militantes de la JCR \u00e9ramos hijos de la clase obrera que viv\u00edamos en las zonas de la periferia del Valle de M\u00e9xico, Ecatepec, Nezahualc\u00f3yotl, Iztapalapa, GAM, Atizap\u00e1n y dem\u00e1s lugares donde la vida cotidiana nos demuestra que la clase obrera sigue siendo el sujeto revolucionario y nos cura de desviarnos por teor\u00edas revisionistas como las del fin de la clase obrera. Entonces \u00bfQu\u00e9 quer\u00edamos? Agitar entre la clase obrera la necesidad de la organizaci\u00f3n pol\u00edtica y darle a conocer que un mundo nuevo es posible, quer\u00edamos que la explotaci\u00f3n a la que hab\u00edamos visto sometidos a nuestros padres desapareciera, quer\u00edamos que la clase obrera se aglutinara primero en defensa de sus intereses econ\u00f3micos (salarios, derechos laborales, prestaciones, mejora del nivel de vida) y luego por la construcci\u00f3n de un mundo nuevo, un mundo socialista.<\/p>\n<p>Eso le explicamos al \u201cGuaymas\u201d, tal vez fue la franqueza con la que le hablamos o la llama revolucionaria que se avivaba en nuestros ojos cuando habl\u00e1bamos del tema, o tal vez que la agitaci\u00f3n pol\u00edtica entre las zonas industriales que hac\u00edamos y que nos propon\u00edamos fortalecer era una de las labores que \u00e9l segu\u00eda creyendo esenciales y necesarias. Para saber si era verdad lo que dec\u00edamos nos interrog\u00f3 sobre las zonas industriales en que hac\u00edamos propaganda a puerta de f\u00e1brica, hablamos de las zonas de Ecatepec, Naucalpan, Vallejo, Atizap\u00e1n, Cuautitl\u00e1n entre otras. Mencionamos f\u00e1bricas que \u00e9l conoc\u00eda y donde la Liga Comunista 23 de Septiembre enviaba brigadas. Luego de esto acept\u00f3 ayudarnos a fortalecer nuestro trabajo y ah\u00ed comenz\u00f3 su otra labor, la que no aparec\u00eda en el peri\u00f3dico y no implicaba fotograf\u00edas, la labor que sostiene las luchas m\u00e1s duras.<\/p>\n<p>Fueron m\u00faltiples las reuniones que tuvimos con \u00e9l, cada una nos dej\u00f3 experiencias distintas y aprendimos sobre distintos temas, hubo teor\u00eda y pr\u00e1ctica, hubo camarader\u00eda y hubo su reconocimiento para con nosotros, un grupo de j\u00f3venes hijos de la clase obrera a quienes nos dec\u00eda \u2013Ustedes son los buenos\u2013. No obstante no es conveniente referir todas las reuniones ni todo lo aprendido, basta con recordar un de las primeras ocasiones en que el \u201cGuaymas\u201d conspir\u00f3 con nosotros, fue en un barrio de Ecatepec en una casa junto al entonces canal de aguas negras donde no hab\u00eda m\u00e1s que animales cuyo cuidador nos hab\u00eda prestado el lugar, hab\u00edamos citado a varios camaradas desde temprano para acondicionar el lugar, los dem\u00e1s llegar\u00edan a la hora establecida que hab\u00eda sido las 11 de la ma\u00f1ana. Al mismo tiempo otro grupo qued\u00f3 en un punto para trasladarse en carro con el \u201cGuaymas\u201d y llegar con \u00e9l. Los compa\u00f1eros que hab\u00edan llegado primero ya nos esperaban, al o\u00edr que un carro se deten\u00eda afuera de la casa salieron a abrir, los que \u00edbamos con el \u201cGuayas\u201d pudimos ver que con gusto y respeto recibieron le recibieron, pues aunque no lo conoc\u00edan ya les hab\u00edamos hablado de \u00e9l y su conoc\u00edan su historia. En ese momento llegaron los otros compa\u00f1eros que tuvieron la disciplina de la puntualidad.<\/p>\n<p>Entonces entramos todos a la casa, pero desde que cruzamos la primera puerta not\u00e9 en la cara de \u201cGuaymas\u201d una seriedad que no ten\u00eda cuando ven\u00edamos en el carro. Al cruzar la segunda puerta y llegar al cuarto destinado para la primera parte de la sesi\u00f3n,\u00a0 como temiendo romper la alegr\u00eda que ve\u00eda en nosotros, pero con la decisi\u00f3n de darnos la primera lecci\u00f3n pol\u00edtica nos dijo:\u00a0 \u2013\u00a1ya empezamos mal! \u00bfC\u00f3mo se explica que un grupo de adolescentes llegue a una casa y que est\u00e9 yo?\u2013\u00a0 La risas se nos cortaron y \u00e9l continu\u00f3 \u2013de menos hubieran acordado entrar con refrescos o unas caguamas para que cualquiera pensara que hay una fiesta, aunque yo no estuviera con ustedes un grupo de j\u00f3venes que llegan a reunirse y no es para convivir es sospechoso. \u00bfUstedes creen que el Estado ya no me sigue?\u2013 \u00a0En ese momento empezamos a comprender que ten\u00edamos mucho por aprender y que se requiere disciplina para la labor pr\u00e1ctica que exige nuestro ideal pol\u00edtico, disciplina consiente que nos lleve a cuidar cada acci\u00f3n, cada detalle, que nos mantenga en vigilancia constante sin que eso se transforme en paranoia.<\/p>\n<p>Luego de los comentarios iniciales, dichos con fuerza y firmeza, el \u201cGuaymas\u201d us\u00f3 un tono de broma y dijo \u2013estar\u00eda bien que hubiera unas caguamas\u2013 Eso nos tranquiliz\u00f3 y rompi\u00f3 la desaz\u00f3n que sentimos, justo eso era lo que buscaba el &#8220;Guaymas&#8221; que regres\u00f3 al tema pol\u00edtico y continu\u00f3 \u2013eso me recuerda la ocasi\u00f3n en que un obrero, luego de un largo rato de tener contacto con La Liga por fin decidi\u00f3 ingresar a militar, pero ten\u00eda el gusto de beber, ya en La Liga no pod\u00eda beber pero siempre insist\u00eda en que se le antojaba una caguama, y yo se la fui a comprar, pero eso supuso un debate sobre las reglas dentro de la clandestinidad\u2013 \u00a0La reflexi\u00f3n fue sobre la necesidad del revolucionario de estar siempre consciente y en disposici\u00f3n de lucha, pero tambi\u00e9n sobre el absurdo de cortar de golpe y tajo las costumbres de la clase obrera que se suma a la revoluci\u00f3n, adem\u00e1s, a\u00f1adi\u00f3 el Guaymas\u00a0 \u2013con una caguama no se iba a embriagar\u2013. De esa forma amena inici\u00f3 su pl\u00e1tica, eso nos quit\u00f3 la verg\u00fcenza de no haber previsto lo que luego supimos que era \u201cmanto y mito\u201d saber disfrazar algunas acciones con una historia y reforzarla con algunos implementos materiales que pod\u00edan ser hasta una caguama.<\/p>\n<p>Un punto importante para el \u201cGuaymas\u201d siempre fue establecer que \u00e9l qued\u00f3 vivo por un contexto espec\u00edfico que es bien conocido, y no por haber \u201ccantado\u201d, luego de que aclar\u00f3 eso al grupo de j\u00f3venes que est\u00e1bamos reunidos nos mencion\u00f3 que mucho se hablaba de las acciones de asaltar bancos y las refriegas contra la polic\u00eda, pero poco se hablaba de la forma en que hac\u00edan trabajo en las f\u00e1bricas. Afirm\u00f3 que un encuentro con la brigada blanca era m\u00e1s probable que se diera en las reparticiones del peri\u00f3dico en la zona industrial que en el robo a un banco. Menciono que adem\u00e1s de la brigada blanca, en los corredores industriales y las f\u00e1bricas tambi\u00e9n ten\u00edan que enfrentarse con lo golpeadores y matones de los sindicatos charros. Al describir el trabajo dentro de las f\u00e1bricas y el que se hac\u00eda a pie de f\u00e1brica, nos hizo ver que era un trabajo m\u00e1s importante y m\u00e1s peligroso de lo que hab\u00edamos cre\u00eddo. En esa ocasi\u00f3n nos traslad\u00f3 una serie de medidas de seguridad para la agitaci\u00f3n en las zonas industriales que iban desde los aspectos t\u00e9cnicos como el an\u00e1lisis del lugar y la ubicaci\u00f3n de rutas de repliegue, pasando por c\u00f3mo hacer apreciaciones pol\u00edticas al hablar con los trabajadores, y hasta como debe proceder la seguridad, los \u201cmuros\u201d y como llevar contactos.<\/p>\n<p>En las siguientes ocasiones los temas fueron otros, el trabajo entre la juventud de los barrios, la vida clandestina, su fuga del penal de Oblatos, las formas de planear acciones, la necesidad de mantenernos con buena salud f\u00edsica y hacer deporte, cosas pr\u00e1cticas pero tambi\u00e9n algunas te\u00f3ricas. De hecho recuerdo que nos insist\u00eda que deber\u00edamos unirnos con otros grupos de j\u00f3venes, hacer el esfuerzo por unir las juventudes y as\u00ed lograr un mayor alcance de nuestra labor. La cuesti\u00f3n era que las dem\u00e1s juventudes, corro\u00eddas por las desviaciones del marxismo, por las teor\u00edas acad\u00e9micas y encerradas en los muros de las universidades, no pensaban \u00fatil ir a la clase obrera. De todas formas el comentario del \u201cGuaymas\u201d nos lleg\u00f3, pues era evidente que no hab\u00eda forma de llegar lejos con la peque\u00f1a estructura que \u00e9ramos, adem\u00e1s ten\u00edamos la conciencia de la necesidad de estar en un Partido Comunista. As\u00ed se inici\u00f3 en nuestro grupo el estudio de los grupos pol\u00edticos que en M\u00e9xico se nombraban Partido Comunista, la conclusi\u00f3n de cu\u00e1l de estos pose\u00eda la claridad pol\u00edtico ideol\u00f3gica es evidente ahora, pasamos a constituir parte del Partido Comunista de M\u00e9xico que reconocer a la clase obrera como el sujeto revolucionario y declara que la lucha por el socialismo es la tarea inmediata.<\/p>\n<p>Ya estando en las filas del Partido Comunista de M\u00e9xico yo y mis compa\u00f1eros seguimos viendo al Guaymas, nuestro contacto se mantuvo constante, de forma discreta y fraternal. Puedo afirmar que el \u201cGuaymas\u201d impuls\u00f3 nuestro \u00edmpetu revolucionario y cuando est\u00e1bamos siendo hostigados en las reparticiones afuera de las f\u00e1bricas record\u00e1bamos las historias que nos hab\u00eda contado y las lecciones que nos hab\u00eda dado. Podr\u00eda contar m\u00e1s cosas de las que nos ense\u00f1\u00f3 el \u201cGuaymas\u201d en la que fue su otra labor, sino fuera porque tambi\u00e9n nos ense\u00f1\u00f3 que no conviene hablarlo todo.<\/p>\n","protected":false},"excerpt":{"rendered":"<p>La \u00faltima vez que vi al compa\u00f1ero \u201cGuaymas\u201d fue el lunes 12 en el mitin afuera de la embajada de Cuba, lugar donde m\u00faltiples veces nos encontramos e intercambiamos impresiones de la situaci\u00f3n pol\u00edtica de M\u00e9xico y el mundo. El \u00faltimo peri\u00f3dico pol\u00edtico que compr\u00f3 el \u201cGuaymas\u201d fue El Mache, lo tom\u00f3 de mano de un camarada y reiter\u00f3 que hab\u00edamos tardado en d\u00e1rselo, pues desde que se anunci\u00f3 que el regreso de El Machete nos escribi\u00f3 entusiasmado para adquirirlo. Estos son los \u00faltimos recuerdos que tengo del \u201cGuaymas\u201d, pero quiz\u00e1 traer a cuenta los primeros ayude a dimensionar mejor la forma en que yo y otros camaradas convivimos con \u00e9l y lo que le debemos.<\/p>\n","protected":false},"author":2,"featured_media":2930,"comment_status":"open","ping_status":"open","sticky":false,"template":"","format":"standard","meta":{"rop_custom_images_group":[],"rop_custom_messages_group":[],"rop_publish_now":"initial","rop_publish_now_accounts":[],"rop_publish_now_history":[],"rop_publish_now_status":"pending","_exactmetrics_skip_tracking":false,"_exactmetrics_sitenote_active":false,"_exactmetrics_sitenote_note":"","_exactmetrics_sitenote_category":0,"footnotes":""},"categories":[16],"tags":[873,871,361,872],"class_list":["post-2929","post","type-post","status-publish","format-standard","has-post-thumbnail","hentry","category-politica-1","tag-23-de-septiembre","tag-guaymas","tag-guerrilla","tag-liga-comunista"],"wppr_data":{"cwp_meta_box_check":"No"},"_links":{"self":[{"href":"https:\/\/elmachete.mx\/index.php\/wp-json\/wp\/v2\/posts\/2929","targetHints":{"allow":["GET"]}}],"collection":[{"href":"https:\/\/elmachete.mx\/index.php\/wp-json\/wp\/v2\/posts"}],"about":[{"href":"https:\/\/elmachete.mx\/index.php\/wp-json\/wp\/v2\/types\/post"}],"author":[{"embeddable":true,"href":"https:\/\/elmachete.mx\/index.php\/wp-json\/wp\/v2\/users\/2"}],"replies":[{"embeddable":true,"href":"https:\/\/elmachete.mx\/index.php\/wp-json\/wp\/v2\/comments?post=2929"}],"version-history":[{"count":9,"href":"https:\/\/elmachete.mx\/index.php\/wp-json\/wp\/v2\/posts\/2929\/revisions"}],"predecessor-version":[{"id":2939,"href":"https:\/\/elmachete.mx\/index.php\/wp-json\/wp\/v2\/posts\/2929\/revisions\/2939"}],"wp:featuredmedia":[{"embeddable":true,"href":"https:\/\/elmachete.mx\/index.php\/wp-json\/wp\/v2\/media\/2930"}],"wp:attachment":[{"href":"https:\/\/elmachete.mx\/index.php\/wp-json\/wp\/v2\/media?parent=2929"}],"wp:term":[{"taxonomy":"category","embeddable":true,"href":"https:\/\/elmachete.mx\/index.php\/wp-json\/wp\/v2\/categories?post=2929"},{"taxonomy":"post_tag","embeddable":true,"href":"https:\/\/elmachete.mx\/index.php\/wp-json\/wp\/v2\/tags?post=2929"}],"curies":[{"name":"wp","href":"https:\/\/api.w.org\/{rel}","templated":true}]}}