{"id":3067,"date":"2021-08-06T10:29:07","date_gmt":"2021-08-06T15:29:07","guid":{"rendered":"https:\/\/elmachete.mx\/?p=3067"},"modified":"2021-08-06T10:29:07","modified_gmt":"2021-08-06T15:29:07","slug":"la-discrecion-del-sindicalismo-magisterial","status":"publish","type":"post","link":"https:\/\/elmachete.mx\/index.php\/2021\/08\/06\/la-discrecion-del-sindicalismo-magisterial\/","title":{"rendered":"La Discreci\u00f3n del Sindicalismo Magisterial"},"content":{"rendered":"<div id=\"attachment_3068\" style=\"width: 535px\" class=\"wp-caption aligncenter\"><img loading=\"lazy\" decoding=\"async\" aria-describedby=\"caption-attachment-3068\" class=\"wp-image-3068\" src=\"https:\/\/elmachete.mx\/wp-content\/uploads\/2021\/08\/CNTE-28-7-15-300x169.jpg\" alt=\"\" width=\"525\" height=\"296\" srcset=\"https:\/\/elmachete.mx\/wp-content\/uploads\/2021\/08\/CNTE-28-7-15-300x169.jpg 300w, https:\/\/elmachete.mx\/wp-content\/uploads\/2021\/08\/CNTE-28-7-15-50x28.jpg 50w, https:\/\/elmachete.mx\/wp-content\/uploads\/2021\/08\/CNTE-28-7-15-600x338.jpg 600w, https:\/\/elmachete.mx\/wp-content\/uploads\/2021\/08\/CNTE-28-7-15.jpg 602w\" sizes=\"auto, (max-width: 525px) 100vw, 525px\" \/><p id=\"caption-attachment-3068\" class=\"wp-caption-text\">FOTO: Tomada de Internet<\/p><\/div>\n<p>&nbsp;<\/p>\n<p style=\"text-align: right;\">Por: <em>Pl\u00e9yadie D.<\/em><\/p>\n<p style=\"text-align: justify;\">Durante estos a\u00f1os del gobierno de L\u00f3pez Obrador y la 4T, la situaci\u00f3n de las maestras y maestros en todo el pa\u00eds no ha sido nada buena, sino todo lo contrario ha empeorado y lo que es m\u00e1s dif\u00edcil de comprender a\u00fan, es el silencio del magisterio ante los atropellos constantes.<\/p>\n<p style=\"text-align: justify;\">En realidad dentro de lo que ahora se llama Reforma Derogada, pero que m\u00e1s bien es la misma Reforma Educativa impuesta por Pe\u00f1a Nieto pero con uno que otro art\u00edculo y\/o fracci\u00f3n cambiada, coloca a los maestros en una posici\u00f3n a\u00fan m\u00e1s deplorable, no solo por el hecho de tener que \u201caprobar\u201d un examen que no tiene un enfoque contextualizado a la realidad educativa de M\u00e9xico, sino que tambi\u00e9n se usa c\u00f3mo una t\u00e1ctica para evitar a toda costa la continuidad de una serie de derechos laborales, por los cuales el mismo magisterio lucho antes y durante el sexenio de Enrique Pe\u00f1a Nieto, un ejemplo claro es la baja de los salarios, que aunque, cada a\u00f1o la SEP diga que \u201caumento en un 6.0% el sueldo\u201d, en la pr\u00e1ctica se convierte en ISR, y uno que otro tipo de impuestos, valga la redundancia, impuestos, por el mismo gobierno.<\/p>\n<p style=\"text-align: justify;\">Pero entonces, <em>\u00bfC\u00f3mo intervienen los sindicatos ante tal atropello?<\/em> En M\u00e9xico existen dos grandes sindicatos que conforman en su mayor\u00eda al magisterio nacional, que son la CNTE y el SNTE, en d\u00f3nde el 90% de sus agremiados est\u00e1 conformado por Maestras y Maestros de educaci\u00f3n B\u00e1sica y el otro 10% pertenecen a la educaci\u00f3n media superior, a su vez cada estado tiene peque\u00f1os y diversos sindicatos, compuestos por Maestras y Maestros de la Educaci\u00f3n Medio Superior y\u00a0 Superior los cuales van a depender de cada subsistema de educaci\u00f3n existente en cada estado, luego tenemos a los docentes de escuelas privadas que <strong>No tienen sindicato<\/strong>, y al final est\u00e1n los Normalistas quienes ni siquiera tienen la oportunidad de participar por una plaza, c\u00f3mo se puede ver, el magisterio en M\u00e9xico, convenientemente estaba casi dividido, con el gobierno de la 4T ahora si est\u00e1 dividido por completo, esto a causa de la vendida representaci\u00f3n sindical de quienes dirigen dichos sindicatos.<\/p>\n<p style=\"text-align: justify;\">Recordemos que durante el gobierno de EPN el magisterio, es decir, las Maestras y Maestros, en todos los estados, salieron a las calles a luchar en contra de la Reforma educativa, pues estaban convencidos de que el nuevo gobierno de la 4T erradicar\u00eda de ra\u00edz la Reforma Educativa, mientras tanto sus representantes sindicales pactaban, a escondidas, con el nuevo gobierno, las nuevas directrices sobre materia laboral y mostraban todo su apoyo a AMLO, duro golpe fue el que recibieron los millones de Maestras y Maestros, al darse cuenta de que AMLO no s\u00f3lo no elimin\u00f3 la RE sino que tambi\u00e9n someti\u00f3 al magisterio a aceptar la nueva reforma con todos sus contras laborales; Bajos salarios, aumento de impuestos, eliminaci\u00f3n de plazas docentes en todos los niveles, lo que provoca buscar doble y hasta triples lugares de trabajo, declaraci\u00f3n a detalle del patrimonio de cada docente, despidos de personal con la excusa de la austeridad republicana, tampoco podemos dejar de lado la falta de cursos y talleres para mejorar la profesionalizaci\u00f3n del docente (el cual no es ni por tantito, el objetivo de la reforma educativa) y lo que fue m\u00e1s evidente a\u00fan, con el mal manejo de la Pandemia, que justo con la excusa de austeridad republicana, \u00a0se vendi\u00f3 la educaci\u00f3n a los monopolios de la comunicaci\u00f3n que ya conocemos todos, pero que siempre es indispensable NO Olvidar, Emilio Asc\u00e1rraga (Televisa), Salinas Pliego (tv azteca), Francisco A. Gonz\u00e1lez S. (Grupo multimedios) entre otros, tambi\u00e9n someti\u00f3 a jornadas laborales de m\u00e1s de 12 horas, sin pago de horas extra alguno, dejo que las Maestras y Maestros pagaran de su propio bolsillo, luz, internet, equipo de c\u00f3mputo y papeler\u00eda, equipo de videograbaci\u00f3n, etc. en conclusi\u00f3n, dejo que todo el peso de la Educaci\u00f3n en M\u00e9xico cayera en los hombros de todo el personal de la Educaci\u00f3n, un peso que no solo fue social y emocional, sino tambi\u00e9n un peso \u00e9tico y moral, al dejar de lado toda convicci\u00f3n de mejorar el rendimiento y calidad acad\u00e9mico de cada ni\u00f1a, ni\u00f1o y adolescente y sin duda un peso econ\u00f3mico del que el magisterio a\u00fan no se ha recuperado ni se recuperar\u00e1, puesto que la Pandemia permiti\u00f3 aun con m\u00e1s fuerza transformar el esquema laboral y desmovilizar al magisterio en todos sus niveles educativos.<\/p>\n<p style=\"text-align: justify;\">Y ahora con el nuevo regreso a las aulas a finales de agosto y con el anuncio del nuevo Acuerdo, que dice que quienes cumplan con el esquema completo de vacunaci\u00f3n, ya no se consideran personas vulnerables, obligan al regreso presencial y una vez m\u00e1s se nota la turbia discreci\u00f3n del sindicalismo magisterial y la nula representaci\u00f3n a sus agremiados.<\/p>\n<p style=\"text-align: justify;\">Sin embargo, en diversos estados del pa\u00eds, existen destellos de Maestras y Maestros de diversos niveles educativos moviliz\u00e1ndose ante tal atropello, tratando de conformar nuevos y verdaderos sindicatos, que dan luz y veracidad de que el movimiento revolucionario sigue y seguir\u00e1 brotando aunque lo cubra la oscuridad del capitalismo, pues dicha contradicci\u00f3n es inevitable y es ah\u00ed donde muchos seguimos abonando para que de nuevo se escuche la voz del magisterio unido.<\/p>\n","protected":false},"excerpt":{"rendered":"<p>Durante estos a\u00f1os del gobierno de L\u00f3pez Obrador y la 4T, la situaci\u00f3n de las maestras y maestros en todo el pa\u00eds no ha sido nada buena, sino todo lo contrario ha empeorado y lo que es m\u00e1s dif\u00edcil de comprender a\u00fan, es el silencio del magisterio ante los atropellos constantes. <\/p>\n","protected":false},"author":1,"featured_media":3068,"comment_status":"open","ping_status":"open","sticky":false,"template":"","format":"standard","meta":{"rop_custom_images_group":[],"rop_custom_messages_group":[],"rop_publish_now":"initial","rop_publish_now_accounts":[],"rop_publish_now_history":[],"rop_publish_now_status":"pending","_exactmetrics_skip_tracking":false,"_exactmetrics_sitenote_active":false,"_exactmetrics_sitenote_note":"","_exactmetrics_sitenote_category":0,"footnotes":""},"categories":[729],"tags":[899,900,815,898],"class_list":["post-3067","post","type-post","status-publish","format-standard","has-post-thumbnail","hentry","category-obrero-sindical","tag-cnte","tag-magisterio","tag-reforma-educativa","tag-snte"],"wppr_data":{"cwp_meta_box_check":"No"},"_links":{"self":[{"href":"https:\/\/elmachete.mx\/index.php\/wp-json\/wp\/v2\/posts\/3067","targetHints":{"allow":["GET"]}}],"collection":[{"href":"https:\/\/elmachete.mx\/index.php\/wp-json\/wp\/v2\/posts"}],"about":[{"href":"https:\/\/elmachete.mx\/index.php\/wp-json\/wp\/v2\/types\/post"}],"author":[{"embeddable":true,"href":"https:\/\/elmachete.mx\/index.php\/wp-json\/wp\/v2\/users\/1"}],"replies":[{"embeddable":true,"href":"https:\/\/elmachete.mx\/index.php\/wp-json\/wp\/v2\/comments?post=3067"}],"version-history":[{"count":1,"href":"https:\/\/elmachete.mx\/index.php\/wp-json\/wp\/v2\/posts\/3067\/revisions"}],"predecessor-version":[{"id":3069,"href":"https:\/\/elmachete.mx\/index.php\/wp-json\/wp\/v2\/posts\/3067\/revisions\/3069"}],"wp:featuredmedia":[{"embeddable":true,"href":"https:\/\/elmachete.mx\/index.php\/wp-json\/wp\/v2\/media\/3068"}],"wp:attachment":[{"href":"https:\/\/elmachete.mx\/index.php\/wp-json\/wp\/v2\/media?parent=3067"}],"wp:term":[{"taxonomy":"category","embeddable":true,"href":"https:\/\/elmachete.mx\/index.php\/wp-json\/wp\/v2\/categories?post=3067"},{"taxonomy":"post_tag","embeddable":true,"href":"https:\/\/elmachete.mx\/index.php\/wp-json\/wp\/v2\/tags?post=3067"}],"curies":[{"name":"wp","href":"https:\/\/api.w.org\/{rel}","templated":true}]}}