{"id":3099,"date":"2021-08-16T11:26:20","date_gmt":"2021-08-16T16:26:20","guid":{"rendered":"https:\/\/elmachete.mx\/?p=3099"},"modified":"2021-08-16T11:26:20","modified_gmt":"2021-08-16T16:26:20","slug":"el-monopolio-nestle-gobiernos-a-modo","status":"publish","type":"post","link":"https:\/\/elmachete.mx\/index.php\/2021\/08\/16\/el-monopolio-nestle-gobiernos-a-modo\/","title":{"rendered":"El monopolio Nestl\u00e9, gobiernos a modo"},"content":{"rendered":"<p><img loading=\"lazy\" decoding=\"async\" class=\"wp-image-3100 aligncenter\" src=\"https:\/\/elmachete.mx\/wp-content\/uploads\/2021\/08\/nestle-300x168.jpg\" alt=\"\" width=\"481\" height=\"269\" srcset=\"https:\/\/elmachete.mx\/wp-content\/uploads\/2021\/08\/nestle-300x168.jpg 300w, https:\/\/elmachete.mx\/wp-content\/uploads\/2021\/08\/nestle-1024x572.jpg 1024w, https:\/\/elmachete.mx\/wp-content\/uploads\/2021\/08\/nestle-768x429.jpg 768w, https:\/\/elmachete.mx\/wp-content\/uploads\/2021\/08\/nestle-640x358.jpg 640w, https:\/\/elmachete.mx\/wp-content\/uploads\/2021\/08\/nestle-50x28.jpg 50w, https:\/\/elmachete.mx\/wp-content\/uploads\/2021\/08\/nestle-600x335.jpg 600w, https:\/\/elmachete.mx\/wp-content\/uploads\/2021\/08\/nestle.jpg 1406w\" sizes=\"auto, (max-width: 481px) 100vw, 481px\" \/><\/p>\n<p style=\"text-align: right;\">Por: <em>Marco Vinicio D\u00e1vila Ju\u00e1rez<\/em><\/p>\n<p>&nbsp;<\/p>\n<p style=\"text-align: justify;\">A quince d\u00edas de haber tomado posesi\u00f3n como presidente constitucional L\u00f3pez Obrador anunci\u00f3 que, derivado de una reuni\u00f3n con el brasile\u00f1o Fausto Costa, presidente ejecutivo y presidente de consejo de administraci\u00f3n de Nestl\u00e9 M\u00e9xico, se estableci\u00f3 el compromiso de invertir en Veracruz 154 millones de d\u00f3lares para la construcci\u00f3n de una planta, con capacidad para procesar 20 mil toneladas de caf\u00e9; lo que significar\u00eda la creaci\u00f3n de miles de fuentes de empleo y una muestra de la confianza que tiene esa compa\u00f1\u00eda en su gobierno, afirmaba el presidente, seg\u00fan destac\u00f3 la prensa.<\/p>\n<p style=\"text-align: justify;\">Meses antes Nestl\u00e9 hab\u00eda anunciado que apoyar\u00eda la propuesta del presidente Obrador, de su programa <em>J\u00f3venes construyendo el Futuro<\/em>; y es que Nestl\u00e9 tiene desde hace m\u00e1s de 5 a\u00f1os un programa llamado <em>Iniciativa por los j\u00f3venes<\/em>, que va desde la capacitaci\u00f3n para el trabajo hasta la promoci\u00f3n del emprendedurismo agroindustrial, lo vino a empatar muy bien con el programa anunciado como uno de los programas insignia del gobierno de la 4T para el combate a la delincuencia y al crimen organizado.<\/p>\n<p style=\"text-align: justify;\">Promotor de dicha inversi\u00f3n fue el entonces jefe de asesores de la Presidencia, Alfonso Romo, que no es un personero del monopolio incrustado en el gobierno, como si lo es su alfil V\u00edctor Villalobos Secretario de Desarrollo Rural o su pupila Tatiana Clouthier, Secretaria de Econom\u00eda, sino, como se ver\u00e1 m\u00e1s adelante, un socio primordial.<\/p>\n<p style=\"text-align: justify;\">Una numeralia r\u00e1pida nos muestra por qu\u00e9 Nestl\u00e9 es un monopolio de alimentos y bebidas, incluidos alimentos para mascotas: maneja m\u00e1s de 2 mil marcas en 191 pa\u00edses. En 2018, en M\u00e9xico ten\u00eda 17 plantas, 80 marcas y 1,600 productos<\/p>\n<p style=\"text-align: justify;\">De esta manera se concreta el respaldo del monopolio Nestl\u00e9 al gobierno que encabeza Andr\u00e9s Manuel L\u00f3pez Obrador y este apoyo imprime el sello de su gobierno, un gobierno al servicio de los monopolios.<\/p>\n<p style=\"text-align: justify;\">Ahora, en un periodo que va de la \u00faltima semana de julio segunda semana de agosto del presente a\u00f1o, el monopolio Nestl\u00e9 muestra el alcance de sus tent\u00e1culos.<\/p>\n<p style=\"text-align: justify;\">El 27 de julio pasado, en un acto conjunto, el presidente L\u00f3pez Obrador y el presidente de Honduras Juan Orlando Hern\u00e1ndez Alvarado, firmaron una carta de intenci\u00f3n de cooperaci\u00f3n bilateral para la implementaci\u00f3n del <em>Programa de Desarrollo Integral de Centroam\u00e9rica<\/em>, enfocado a atender las causas de la migraci\u00f3n en ese pa\u00eds con los programas de asistencia social <em>Sembrando Vida<\/em> y <em>J\u00f3venes Construyendo el Futuro<\/em>. En un dislate, de esos que son comunes en L\u00f3pez Obrador, afirma que: \u201c<em>vamos a apoyar para mejorar la producci\u00f3n de caf\u00e9 en todo lo que se requiera, desde desarrollo gen\u00e9tico hasta comercializaci\u00f3n y revisar el asunto de los aranceles, que no tengan ustedes ning\u00fan problema para poder vender el caf\u00e9\u2026<\/em>\u201d.<\/p>\n<p style=\"text-align: justify;\">Puesto as\u00ed el tema, no dice nada m\u00e1s, y parecer\u00eda una muestra de la buena vecindad de dos pa\u00edses cuyos pueblos son hermanos y\u2026 sus gobiernos sirven a los intereses del mismo monopolio.<\/p>\n<p style=\"text-align: justify;\">El 23 de mayo de 2019, el presidente de Honduras anunciaba en su cuenta de Facebook, que Nestl\u00e9 invertir\u00eda m\u00e1s de 300 millones de lempiras, en Honduras, en un nuevo centro de distribuci\u00f3n. \u201c<em>\u00a1Quiero compartir esta excelente noticia para los hondure\u00f1os! Hace unos minutos, Nestl\u00e9, una de las mayores empresas de mayor reconocimiento mundial, me acaban de informar en una reuni\u00f3n que sostuvimos en Ginebra, Suiza, que invertir\u00e1 m\u00e1s de 300 millones de lempiras en un nuevo centro de distribuci\u00f3n en San Pedro Sula. Eso es m\u00e1s inversi\u00f3n, generaci\u00f3n de empleo y nos acerca a nuestro objetivo de que Honduras sea el centro log\u00edstico de las Am\u00e9ricas.<\/em>\u201d<\/p>\n<p style=\"text-align: justify;\">Y comenzaron a aplicar su programa <em>Iniciativa por los j\u00f3venes<\/em>, de capacitaci\u00f3n para j\u00f3venes, sobre todo para su programa de emprendedurismo agroindustrial, con los que Nestl\u00e9 pretende contrarrestar en un breve plazo la presi\u00f3n que ejercen los peque\u00f1os y medianos productores que son afectados por este monopolio, apoyado por el gobierno de EEUU, junto con el Organismo Internacional de Juventud para Iberoam\u00e9rica (OIJ), que preside el veracruzano Max Trejo, conocido no s\u00f3lo por su filosof\u00eda \u201cemprendedora\u201d, sino tambi\u00e9n como un mal patr\u00f3n, por no cumplir con sus deberes legales con sus trabajadores, violando sus derechos laborales.<\/p>\n<p style=\"text-align: justify;\">Cre\u00edmos necesario hacer un breve recuento de hechos pues es a este monopolio y sus aliados en Honduras al que ahora apoya el gobierno de M\u00e9xico.<\/p>\n<p style=\"text-align: justify;\">Pero, \u00bf<em>A qu\u00e9 se refiere el presidente Obrador cuando habla de apoyo para mejorar la producci\u00f3n de caf\u00e9 en Honduras? \u00bfPor qu\u00e9 es Alfonso Romo uno de los m\u00e1s interesados en las inversiones del monopolio Nestl\u00e9 en M\u00e9xico y en Centroam\u00e9rica?<\/em> La conexi\u00f3n y la respuesta la podemos encontrar en el programa <em>Plan Nescaf\u00e9<\/em>, que es la introducci\u00f3n de plantas de caf\u00e9 de la variedad <em>Robusta,<\/em> mejorada gen\u00e9ticamente por la empresa Agromod, propiedad de Alfonso Romo, que el gobierno mexicano, desde el sexenio de Enrique Pe\u00f1a Nieto ha negociado con Romo, y con la que Andr\u00e9s Manuel se comprometi\u00f3 continuar los negocios en aquella pol\u00e9mica visita a sus instalaciones en Chiapas, en agosto del 2018.<\/p>\n<p style=\"text-align: justify;\">Las plantaciones de esa variedad de caf\u00e9, <em>Robusta<\/em>, la \u00fanica que maneja el monopolio Nestl\u00e9 son altamente perjudiciales para los peque\u00f1os y medianos productores, que en M\u00e9xico han denunciado el peligroso impacto ambiental que ocasiona y las graves repercusiones econ\u00f3micas que tiene para m\u00e1s de medio mill\u00f3n de familias que en M\u00e9xico viven del cultivo de caf\u00e9. Las organizaciones cafetaleras del pa\u00eds han intentado convencer a las autoridades responsables, la Secretar\u00eda de Desarrollo Rural y la Secretar\u00eda de Econom\u00eda, para llevar a cabo un plan de seis puntos para detener las afectaciones a los productores de caf\u00e9 convencional, sin que a la fecha haya un compromiso de soluci\u00f3n a la problem\u00e1tica.<\/p>\n<p style=\"text-align: justify;\">Y para dimensionar los alcances del monopolio Nestl\u00e9 y evidenciar la falsedad del discurso presidencial pronunciado en Minatitl\u00e1n, Veracruz, el 27 de julio, cuando se anunciaban los apoyos al gobierno de Honduras, para evitar que la juventud caiga en las garras de la delincuencia y el crimen organizado, hace unos d\u00edas el 13 de agosto pasado, la Federaci\u00f3n Sindical Mundial, denunciaba a trav\u00e9s de un comunicado al monopolio Nestl\u00e9 en Colombia, donde justo antes de iniciar la revisi\u00f3n de su contrato colectivo, el monopolio ha circulado entre los c\u00e1rteles y grupos paramilitares un pasqu\u00edn \u201c<em>declarando objetivo militar<\/em>\u201d a los compa\u00f1eros FRANCISCO VASQUEZ, ANDRES RUBIO, JUAN CAMILO JARAMILLO, LUIS HEBERTH PE\u00d1ALOZA, dirigentes sindicales de mucha trayectoria, en la regi\u00f3n del Valle y miembros destacados del SINTRAIMAGRA BUGALAGRANDE, organizaci\u00f3n afiliada a la FSM, esto con toda la pasividad c\u00f3mplice del gobierno de Iv\u00e1n Duque en Colombia.<\/p>\n<p style=\"text-align: justify;\">En suma, hay una pol\u00edtica gubernamental de alcances internacionales, que afecta lo mismo a los obreros y sindicalistas, que a los productores de caf\u00e9, favoreciendo de manera privilegiada al monopolio Nestl\u00e9, lo mismo en Colombia, en Honduras y en M\u00e9xico.<\/p>\n","protected":false},"excerpt":{"rendered":"<p>A quince d\u00edas de haber tomado posesi\u00f3n como presidente constitucional L\u00f3pez Obrador anunci\u00f3 que, derivado de una reuni\u00f3n con el brasile\u00f1o Fausto Costa, presidente ejecutivo y presidente de consejo de administraci\u00f3n de Nestl\u00e9 M\u00e9xico, se estableci\u00f3 el compromiso de invertir en Veracruz 154 millones de d\u00f3lares para la construcci\u00f3n de una planta, con capacidad para procesar 20 mil toneladas de caf\u00e9; lo que significar\u00eda la creaci\u00f3n de miles de fuentes de empleo y una muestra de la confianza que tiene esa compa\u00f1\u00eda en su gobierno, afirmaba el presidente, seg\u00fan destac\u00f3 la prensa. <\/p>\n","protected":false},"author":1,"featured_media":3100,"comment_status":"open","ping_status":"open","sticky":false,"template":"","format":"standard","meta":{"rop_custom_images_group":[],"rop_custom_messages_group":[],"rop_publish_now":"initial","rop_publish_now_accounts":[],"rop_publish_now_history":[],"rop_publish_now_status":"pending","_exactmetrics_skip_tracking":false,"_exactmetrics_sitenote_active":false,"_exactmetrics_sitenote_note":"","_exactmetrics_sitenote_category":0,"footnotes":""},"categories":[16],"tags":[767,907,551],"class_list":["post-3099","post","type-post","status-publish","format-standard","has-post-thumbnail","hentry","category-politica-1","tag-4t","tag-nestle","tag-poder-de-los-monopolios"],"wppr_data":{"cwp_meta_box_check":"No"},"_links":{"self":[{"href":"https:\/\/elmachete.mx\/index.php\/wp-json\/wp\/v2\/posts\/3099","targetHints":{"allow":["GET"]}}],"collection":[{"href":"https:\/\/elmachete.mx\/index.php\/wp-json\/wp\/v2\/posts"}],"about":[{"href":"https:\/\/elmachete.mx\/index.php\/wp-json\/wp\/v2\/types\/post"}],"author":[{"embeddable":true,"href":"https:\/\/elmachete.mx\/index.php\/wp-json\/wp\/v2\/users\/1"}],"replies":[{"embeddable":true,"href":"https:\/\/elmachete.mx\/index.php\/wp-json\/wp\/v2\/comments?post=3099"}],"version-history":[{"count":1,"href":"https:\/\/elmachete.mx\/index.php\/wp-json\/wp\/v2\/posts\/3099\/revisions"}],"predecessor-version":[{"id":3101,"href":"https:\/\/elmachete.mx\/index.php\/wp-json\/wp\/v2\/posts\/3099\/revisions\/3101"}],"wp:featuredmedia":[{"embeddable":true,"href":"https:\/\/elmachete.mx\/index.php\/wp-json\/wp\/v2\/media\/3100"}],"wp:attachment":[{"href":"https:\/\/elmachete.mx\/index.php\/wp-json\/wp\/v2\/media?parent=3099"}],"wp:term":[{"taxonomy":"category","embeddable":true,"href":"https:\/\/elmachete.mx\/index.php\/wp-json\/wp\/v2\/categories?post=3099"},{"taxonomy":"post_tag","embeddable":true,"href":"https:\/\/elmachete.mx\/index.php\/wp-json\/wp\/v2\/tags?post=3099"}],"curies":[{"name":"wp","href":"https:\/\/api.w.org\/{rel}","templated":true}]}}