{"id":3212,"date":"2021-09-06T21:48:15","date_gmt":"2021-09-07T02:48:15","guid":{"rendered":"https:\/\/elmachete.mx\/?p=3212"},"modified":"2021-09-06T21:48:15","modified_gmt":"2021-09-07T02:48:15","slug":"comunicado-del-comite-central-del-partido-comunista-de-mexico-3","status":"publish","type":"post","link":"https:\/\/elmachete.mx\/index.php\/2021\/09\/06\/comunicado-del-comite-central-del-partido-comunista-de-mexico-3\/","title":{"rendered":"Comunicado del Comit\u00e9 Central del Partido Comunista de M\u00e9xico"},"content":{"rendered":"<p><img loading=\"lazy\" decoding=\"async\" class=\"size-medium wp-image-632 alignleft\" src=\"https:\/\/elmachete.mx\/wp-content\/uploads\/2016\/08\/PCM...-300x300.jpg\" alt=\"\" width=\"300\" height=\"300\" srcset=\"https:\/\/elmachete.mx\/wp-content\/uploads\/2016\/08\/PCM...-300x300.jpg 300w, https:\/\/elmachete.mx\/wp-content\/uploads\/2016\/08\/PCM...-150x150.jpg 150w, https:\/\/elmachete.mx\/wp-content\/uploads\/2016\/08\/PCM...-144x144.jpg 144w, https:\/\/elmachete.mx\/wp-content\/uploads\/2016\/08\/PCM...-50x50.jpg 50w, https:\/\/elmachete.mx\/wp-content\/uploads\/2016\/08\/PCM....jpg 512w\" sizes=\"auto, (max-width: 300px) 100vw, 300px\" \/><\/p>\n<h4 style=\"text-align: center;\"><strong>Partido Comunista de M\u00e9xico\/Comit\u00e9 Central<\/strong><\/h4>\n<p>&nbsp;<\/p>\n<p>&nbsp;<\/p>\n<p>&nbsp;<\/p>\n<p>&nbsp;<\/p>\n<hr \/>\n<p>&nbsp;<\/p>\n<h6 style=\"text-align: center;\"><strong>Basta ya de atentados de Maduro contra los derechos democr\u00e1ticos del Partido Comunista de Venezuela y la A.P.R.<\/strong><\/h6>\n<p>&nbsp;<\/p>\n<h6 style=\"text-align: right;\"><em>Ciudad de M\u00e9xico a 6 de Septiembre del 2021<\/em><\/h6>\n<h6><\/h6>\n<h6 style=\"text-align: justify;\">Durante el proceso para elegir a la Asamblea Nacional en 2020, el Partido Comunista de Venezuela y la Alternativa Popular Revolucionaria fueron objeto de censura, calumnias, por parte del Presidente Nicol\u00e1s Maduro, de funcionarios de su gobierno y del PSUV. De manera ominosa el gobierno intervino en la vida interna de varios de los partidos que conforman la APR, y as\u00ed por ejemplo se despoj\u00f3 a la militancia del Partido Patria Para Todos de su registro electoral y se entreg\u00f3 el membrete a un grupo progubernamental; atestiguamos tambi\u00e9n la persecuci\u00f3n pol\u00edtica contra el Partido Tupamaro y las duras condiciones de presidio de su dirigente Jos\u00e9 Pinto; hay persecuci\u00f3n contra dirigentes sindicales de organizaciones afines a la APR y sigue sin esclarecerse el asesinato de camaradas del PCV en el movimiento campesino y popular. La campa\u00f1a negra as\u00ed como la censura no lograron impedir una votaci\u00f3n importante para la APR, por lo que con maniobras palaciegas fueron despojados de parlamentarios que les correspond\u00edan de acuerdo a su porcentaje.<\/h6>\n<h6 style=\"text-align: justify;\">A pesar de todo el aparato gubernamental en contra, el PCV y la APR obtuvieron una importante victoria cualitativa al imponer una voz de la clase obrera, de los campesinos pobres, de la mujer trabajadora de la juventud en la Asamblea Nacional. El diputado comunista \u00d3scar Figuera que lealmente expresa no solo la posici\u00f3n del PCV, sino del abanico diverso de organizaciones que hacen parte de la APR. Sin embargo la campa\u00f1a gubernamental y del PSUV ha continuado. En estos meses se pudo apreciar la autoritaria conducta del Presidente de la Asamblea Nacional Jorge Rodr\u00edguez para impedir la palabra del PCV y la APR, y ahora amenazar con retirar el derecho a la palabra por un mes. Cuando interviene el diputado comunista en la Asamblea Nacional el canal de televisi\u00f3n parlamentaria suspende la transmisi\u00f3n. Es una l\u00f3gica anticomunista la de Maduro, de la que el se\u00f1or Rodr\u00edguez es un triste instrumento.<\/h6>\n<h6 style=\"text-align: justify;\">Ahora los atentados a los derechos democr\u00e1ticos y las libertades avanzan cuando nuevamente por instrucci\u00f3n gubernamental se impide el registro de la candidatura a la alcald\u00eda de Caracas de Eduardo Sam\u00e1n apoyado por la APR y sectores sociales y populares e inscrito en la tarjeta electoral del Partido Comunista de Venezuela. Es un hecho inadmisible que condenamos.<\/h6>\n<h6 style=\"text-align: justify;\">Tal como lo viene demostrando el Partido Comunista de Venezuela, los <em>Di\u00e1logos de M\u00e9xico<\/em>, auspiciados por L\u00f3pez Obrador, entre el Gobierno de Maduro y la oposici\u00f3n que encabeza Guaid\u00f3 se dirigen a la configuraci\u00f3n de un nuevo <strong><em>Pacto de Puntofijo<\/em><\/strong> que tuvo entre otras caracter\u00edsticas la de ser un mecanismo anticomunista.<\/h6>\n<h6 style=\"text-align: justify;\">Expresamos nuestra plena solidaridad al Partido Comunista de Venezuela, a la Alternativa Popular Revolucionaria y exigimos respeto al derecho de la clase obrera para presentar sus candidatos a las elecciones de este a\u00f1o.<\/h6>\n<h6><\/h6>\n<h6 style=\"text-align: center;\"><em>\u00a1Proletarios de todos los pa\u00edses, un\u00edos!<\/em><\/h6>\n<h6 style=\"text-align: center;\"><strong>El Comit\u00e9 Central del Partido Comunista de M\u00e9xico<\/strong><\/h6>\n<h6><\/h6>\n<p>&nbsp;<\/p>\n","protected":false},"excerpt":{"rendered":"<p>Durante el proceso para elegir a la Asamblea Nacional en 2020, el Partido Comunista de Venezuela y la Alternativa Popular Revolucionaria fueron objeto de censura, calumnias, por parte del Presidente Nicol\u00e1s Maduro, de funcionarios de su gobierno y del PSUV. De manera ominosa el gobierno intervino en la vida interna de varios de los partidos que conforman la APR, y as\u00ed por ejemplo se despoj\u00f3 a la militancia del Partido Patria Para Todos de su registro electoral y se entreg\u00f3 el membrete a un grupo progubernamental; atestiguamos tambi\u00e9n la persecuci\u00f3n pol\u00edtica contra el Partido Tupamaro y las duras condiciones de presidio de su dirigente Jos\u00e9 Pinto; hay persecuci\u00f3n contra dirigentes sindicales de organizaciones afines a la APR y sigue sin esclarecerse el asesinato de camaradas del PCV en el movimiento campesino y popular. La campa\u00f1a negra as\u00ed como la censura no lograron impedir una votaci\u00f3n importante para la APR, por lo que con maniobras palaciegas fueron despojados de parlamentarios que les correspond\u00edan de acuerdo a su porcentaje.<\/p>\n","protected":false},"author":1,"featured_media":632,"comment_status":"open","ping_status":"open","sticky":false,"template":"","format":"standard","meta":{"rop_custom_images_group":[],"rop_custom_messages_group":[],"rop_publish_now":"initial","rop_publish_now_accounts":[],"rop_publish_now_history":[],"rop_publish_now_status":"pending","_exactmetrics_skip_tracking":false,"_exactmetrics_sitenote_active":false,"_exactmetrics_sitenote_note":"","_exactmetrics_sitenote_category":0,"footnotes":""},"categories":[5],"tags":[933,761,146,267],"class_list":["post-3212","post","type-post","status-publish","format-standard","has-post-thumbnail","hentry","category-elmachete","tag-apr","tag-cc-del-pcm","tag-pcv","tag-venezuela"],"wppr_data":{"cwp_meta_box_check":"No"},"_links":{"self":[{"href":"https:\/\/elmachete.mx\/index.php\/wp-json\/wp\/v2\/posts\/3212","targetHints":{"allow":["GET"]}}],"collection":[{"href":"https:\/\/elmachete.mx\/index.php\/wp-json\/wp\/v2\/posts"}],"about":[{"href":"https:\/\/elmachete.mx\/index.php\/wp-json\/wp\/v2\/types\/post"}],"author":[{"embeddable":true,"href":"https:\/\/elmachete.mx\/index.php\/wp-json\/wp\/v2\/users\/1"}],"replies":[{"embeddable":true,"href":"https:\/\/elmachete.mx\/index.php\/wp-json\/wp\/v2\/comments?post=3212"}],"version-history":[{"count":4,"href":"https:\/\/elmachete.mx\/index.php\/wp-json\/wp\/v2\/posts\/3212\/revisions"}],"predecessor-version":[{"id":3216,"href":"https:\/\/elmachete.mx\/index.php\/wp-json\/wp\/v2\/posts\/3212\/revisions\/3216"}],"wp:featuredmedia":[{"embeddable":true,"href":"https:\/\/elmachete.mx\/index.php\/wp-json\/wp\/v2\/media\/632"}],"wp:attachment":[{"href":"https:\/\/elmachete.mx\/index.php\/wp-json\/wp\/v2\/media?parent=3212"}],"wp:term":[{"taxonomy":"category","embeddable":true,"href":"https:\/\/elmachete.mx\/index.php\/wp-json\/wp\/v2\/categories?post=3212"},{"taxonomy":"post_tag","embeddable":true,"href":"https:\/\/elmachete.mx\/index.php\/wp-json\/wp\/v2\/tags?post=3212"}],"curies":[{"name":"wp","href":"https:\/\/api.w.org\/{rel}","templated":true}]}}