{"id":3220,"date":"2021-09-09T10:00:31","date_gmt":"2021-09-09T15:00:31","guid":{"rendered":"https:\/\/elmachete.mx\/?p=3220"},"modified":"2021-09-09T10:14:06","modified_gmt":"2021-09-09T15:14:06","slug":"presion-a-los-maestros-para-el-regreso-a-clases-presenciales","status":"publish","type":"post","link":"https:\/\/elmachete.mx\/index.php\/2021\/09\/09\/presion-a-los-maestros-para-el-regreso-a-clases-presenciales\/","title":{"rendered":"Presi\u00f3n a los maestros para el regreso a clases presenciales"},"content":{"rendered":"<p><img loading=\"lazy\" decoding=\"async\" class=\"wp-image-3221 aligncenter\" src=\"https:\/\/elmachete.mx\/wp-content\/uploads\/2021\/09\/foto-delfina_1-117502_20210818180229-300x169.jpg\" alt=\"\" width=\"561\" height=\"316\" srcset=\"https:\/\/elmachete.mx\/wp-content\/uploads\/2021\/09\/foto-delfina_1-117502_20210818180229-300x169.jpg 300w, https:\/\/elmachete.mx\/wp-content\/uploads\/2021\/09\/foto-delfina_1-117502_20210818180229-640x360.jpg 640w, https:\/\/elmachete.mx\/wp-content\/uploads\/2021\/09\/foto-delfina_1-117502_20210818180229-50x28.jpg 50w, https:\/\/elmachete.mx\/wp-content\/uploads\/2021\/09\/foto-delfina_1-117502_20210818180229-600x338.jpg 600w, https:\/\/elmachete.mx\/wp-content\/uploads\/2021\/09\/foto-delfina_1-117502_20210818180229.jpg 768w\" sizes=\"auto, (max-width: 561px) 100vw, 561px\" \/><\/p>\n<p>&nbsp;<\/p>\n<p style=\"text-align: right;\">Por <em>Lautaro Hern\u00e1ndez<\/em><\/p>\n<p><strong>\u00a0<\/strong><\/p>\n<p style=\"text-align: justify;\">A pesar de que no existen las condiciones para el regreso seguro a clases presenciales, el titular del ejecutivo L\u00f3pez Obrador continua con la insistencia del regreso a clases, aun cuando hay estados que se encuentren en rojo en el sem\u00e1foro epidemiol\u00f3gico en plena tercera ola de la pandemia del COVID; aun cuando la mayor\u00eda de la poblaci\u00f3n en general y los ni\u00f1os no est\u00e1n vacunados; aun cuando la infraestructura de un gran porcentaje de las escuelas no se encuentran en \u00f3ptimas condiciones para el regreso a clases.<\/p>\n<p style=\"text-align: justify;\">La presi\u00f3n de todos lados hacia los trabajadores de la educaci\u00f3n ha sido eminente: por parte de los medios de comunicaci\u00f3n, de la asociaci\u00f3n nacional de padres de familia, de la asociaci\u00f3n de escuelas particulares, de la clase empresarial y sobre todo en los giros de la\u00a0 industria de papeler\u00edas, uniformes escolares y comida chatarra. El instrumento de presi\u00f3n m\u00e1s fuerte que utiliza el gobierno sobre los trabajadores de la educaci\u00f3n es la Secretar\u00eda de Educaci\u00f3n P\u00fablica (SEP), encabezada por la maestra Delfina G\u00f3mez, y la cual insistentemente hace el llamado \u201crespetuoso\u201d a los maestros para que, seg\u00fan ella, asuman su papel hist\u00f3rico, sean responsables e inicien las clases presenciales en todo el pa\u00eds. Sumado a todas estas presiones, el Sindicato Nacional de Trabajadores de la Educaci\u00f3n (SNTE) apoya la decisi\u00f3n del regreso a las escuelas y con ello deja desprotegidos sindical y laboralmente a sus afiliados.<\/p>\n<p style=\"text-align: justify;\">En la semana del 23 al 27 de agosto se llevaron a cabo, por escuela, los Consejos T\u00e9cnicos Escolares (CTE), los cuales consisten en talleres de capacitaci\u00f3n, en este caso previos al regreso a clases. En la gu\u00eda oficial estaba contemplado en un inicio que la celebraci\u00f3n del Consejo pod\u00eda ser en la modalidad virtual o bien en la presencial, de acuerdo a las condiciones de cada escuela. Sin embargo, el 20 de agosto fue publicada en el Diario Oficial de la Federaci\u00f3n una nueva normativa para que los talleres del Consejo fueran obligatoriamente presenciales, modificando con este cambio la gu\u00eda oficial de los talleres. De igual manera se incluy\u00f3 en \u00e9stos un discurso que buscaba convencer a los maestros para que regresaran por las buenas a las clases presenciales, recurriendo a la parte emocional y haciendo alusi\u00f3n al apoyo de organismos internacionales al servicio de la burgues\u00eda como la UNICEF; cuyo titular de este organismo en M\u00e9xico afirm\u00f3 que \u201clos ni\u00f1os de todo el mundo han perdido aprendizajes significativos en esta pandemia\u201d, desvirtuando que los aprendizajes no se pierden sino que se adquieren. Por otra parte, el Subsecretario de Gobernaci\u00f3n en Derechos Humanos, Poblaci\u00f3n y Migraci\u00f3n, Alejandro Encinas, en su momento mencion\u00f3 que \u201cel derecho a la educaci\u00f3n est\u00e1 en primer lugar\u201d, restando importancia al derecho a la salud por parte de los trabajadores. As\u00ed que estos y otros recursos tendenciosos se han utilizado para justificar el regreso a clases presenciales.<\/p>\n<p style=\"text-align: justify;\">Previo al regreso a las escuelas, directores, supervisores, jefes de sector y autoridades educativas en general, con un perfil autoritario y oficialista, de manera desp\u00f3tica y amenazante han forzado a los maestros para que asistan en persona a los talleres de capacitaci\u00f3n. Esto sin consulta previa al colectivo docente, sin tomar en cuenta condiciones de comorbilidad y de salud entre algunos trabajadores de la educaci\u00f3n y sus familiares.<\/p>\n<p style=\"text-align: justify;\">El tema del regreso a las escuelas ha polarizado y dividido a los trabajadores de la educaci\u00f3n. Algunos maestros est\u00e1n a favor del regreso a clases, entre quienes hay los que apoyan con una postura servil y oficialista as\u00ed como quienes manifiestan respaldo por temor a represalias. Otros maestros, que son la mayor\u00eda, sostienen que a\u00fan no existen las condiciones suficientes para un regreso seguro a clases presenciales.<\/p>\n<p style=\"text-align: justify;\">As\u00ed como es eminente que el gobierno continuar\u00e1 festinando e insistiendo en el regreso a las escuelas; tambi\u00e9n es eminente la posibilidad de que alumnos, padres de familia y trabajadores de la educaci\u00f3n se contagien de COVID-19 por no estar vacunados o neg\u00e1rseles una vacuna pedi\u00e1trica, o como inminente resulta que este gobierno federal al servicio de la burgues\u00eda y el capitalismo protege y pone los intereses de los empresarios por encima de la salud de menores de edad, trabajadores de la educaci\u00f3n y poblaci\u00f3n trabajadora en general.<\/p>\n<p>&nbsp;<\/p>\n","protected":false},"excerpt":{"rendered":"<p>A pesar de que no existen las condiciones para el regreso seguro a clases presenciales, el titular del ejecutivo L\u00f3pez Obrador continua con la insistencia del regreso a clases, aun cuando hay estados que se encuentren en rojo en el sem\u00e1foro epidemiol\u00f3gico en plena tercera ola de la pandemia del COVID; aun cuando la mayor\u00eda de la poblaci\u00f3n en general y los ni\u00f1os no est\u00e1n vacunados; aun cuando la infraestructura de un gran porcentaje de las escuelas no se encuentran en \u00f3ptimas condiciones para el regreso a clases.<\/p>\n","protected":false},"author":1,"featured_media":3221,"comment_status":"open","ping_status":"open","sticky":false,"template":"","format":"standard","meta":{"rop_custom_images_group":[],"rop_custom_messages_group":[],"rop_publish_now":"initial","rop_publish_now_accounts":[],"rop_publish_now_history":[],"rop_publish_now_status":"pending","_exactmetrics_skip_tracking":false,"_exactmetrics_sitenote_active":false,"_exactmetrics_sitenote_note":"","_exactmetrics_sitenote_category":0,"footnotes":""},"categories":[729],"tags":[767,496,894,836,898],"class_list":["post-3220","post","type-post","status-publish","format-standard","has-post-thumbnail","hentry","category-obrero-sindical","tag-4t","tag-pandemia","tag-regreso-a-clases","tag-sep","tag-snte"],"wppr_data":{"cwp_meta_box_check":"No"},"_links":{"self":[{"href":"https:\/\/elmachete.mx\/index.php\/wp-json\/wp\/v2\/posts\/3220","targetHints":{"allow":["GET"]}}],"collection":[{"href":"https:\/\/elmachete.mx\/index.php\/wp-json\/wp\/v2\/posts"}],"about":[{"href":"https:\/\/elmachete.mx\/index.php\/wp-json\/wp\/v2\/types\/post"}],"author":[{"embeddable":true,"href":"https:\/\/elmachete.mx\/index.php\/wp-json\/wp\/v2\/users\/1"}],"replies":[{"embeddable":true,"href":"https:\/\/elmachete.mx\/index.php\/wp-json\/wp\/v2\/comments?post=3220"}],"version-history":[{"count":1,"href":"https:\/\/elmachete.mx\/index.php\/wp-json\/wp\/v2\/posts\/3220\/revisions"}],"predecessor-version":[{"id":3222,"href":"https:\/\/elmachete.mx\/index.php\/wp-json\/wp\/v2\/posts\/3220\/revisions\/3222"}],"wp:featuredmedia":[{"embeddable":true,"href":"https:\/\/elmachete.mx\/index.php\/wp-json\/wp\/v2\/media\/3221"}],"wp:attachment":[{"href":"https:\/\/elmachete.mx\/index.php\/wp-json\/wp\/v2\/media?parent=3220"}],"wp:term":[{"taxonomy":"category","embeddable":true,"href":"https:\/\/elmachete.mx\/index.php\/wp-json\/wp\/v2\/categories?post=3220"},{"taxonomy":"post_tag","embeddable":true,"href":"https:\/\/elmachete.mx\/index.php\/wp-json\/wp\/v2\/tags?post=3220"}],"curies":[{"name":"wp","href":"https:\/\/api.w.org\/{rel}","templated":true}]}}