{"id":3290,"date":"2021-09-30T19:00:10","date_gmt":"2021-10-01T00:00:10","guid":{"rendered":"https:\/\/elmachete.mx\/?p=3290"},"modified":"2021-09-30T20:34:23","modified_gmt":"2021-10-01T01:34:23","slug":"migracion-a-eeuu-continua-a-pesar-de-la-pandemia","status":"publish","type":"post","link":"https:\/\/elmachete.mx\/index.php\/2021\/09\/30\/migracion-a-eeuu-continua-a-pesar-de-la-pandemia\/","title":{"rendered":"Migraci\u00f3n a EEUU contin\u00faa a pesar de la pandemia"},"content":{"rendered":"<p><img loading=\"lazy\" decoding=\"async\" class=\"size-medium wp-image-3291 aligncenter\" src=\"https:\/\/elmachete.mx\/wp-content\/uploads\/2021\/09\/ZUJZNJASJJBCZF4DTBR652TDWQ-300x200.jpg\" alt=\"\" width=\"300\" height=\"200\" srcset=\"https:\/\/elmachete.mx\/wp-content\/uploads\/2021\/09\/ZUJZNJASJJBCZF4DTBR652TDWQ-300x200.jpg 300w, https:\/\/elmachete.mx\/wp-content\/uploads\/2021\/09\/ZUJZNJASJJBCZF4DTBR652TDWQ-1024x683.jpg 1024w, https:\/\/elmachete.mx\/wp-content\/uploads\/2021\/09\/ZUJZNJASJJBCZF4DTBR652TDWQ-768x512.jpg 768w, https:\/\/elmachete.mx\/wp-content\/uploads\/2021\/09\/ZUJZNJASJJBCZF4DTBR652TDWQ-1536x1024.jpg 1536w, https:\/\/elmachete.mx\/wp-content\/uploads\/2021\/09\/ZUJZNJASJJBCZF4DTBR652TDWQ-640x427.jpg 640w, https:\/\/elmachete.mx\/wp-content\/uploads\/2021\/09\/ZUJZNJASJJBCZF4DTBR652TDWQ-50x33.jpg 50w, https:\/\/elmachete.mx\/wp-content\/uploads\/2021\/09\/ZUJZNJASJJBCZF4DTBR652TDWQ-600x400.jpg 600w, https:\/\/elmachete.mx\/wp-content\/uploads\/2021\/09\/ZUJZNJASJJBCZF4DTBR652TDWQ-210x140.jpg 210w, https:\/\/elmachete.mx\/wp-content\/uploads\/2021\/09\/ZUJZNJASJJBCZF4DTBR652TDWQ.jpg 1960w\" sizes=\"auto, (max-width: 300px) 100vw, 300px\" \/><\/p>\n<p style=\"text-align: right;\">Por: <em>Fernanda Larraizar<\/em><\/p>\n<p>&nbsp;<\/p>\n<p style=\"text-align: justify;\">Durante los inicios de la pandemia en 2020 el gobierno de EEUU aprovech\u00f3 para endurecer su pol\u00edtica migratoria anunciando que suspender\u00eda las leyes migratorias. El entonces presidente Donald Trump no apoy\u00f3 el confinamiento, por el contrario, privilegi\u00f3 la apresurada reapertura de la econom\u00eda y empez\u00f3 a deportar de inmediato a M\u00e9xico a todos los solicitantes de asilo y a los migrantes indocumentados que cruzaran su frontera.<\/p>\n<p style=\"text-align: justify;\">Es en esta regi\u00f3n fronteriza del norte de M\u00e9xico donde numerosos grupos de migrantes se ven obligadas a detener su trayecto durante un tiempo indefinido, entre deportados que esperan su oportunidad para volver a cruzar. Donde hay alrededor de 100 albergues, algunos en condiciones de hacinamiento y con escasas medidas sanitarias. Incluso el embajador de EEEUU en M\u00e9xico Chistopher Landau declar\u00f3 a finales del 2020 que la cifra de migrantes mexicanos ingresando al pa\u00eds vecino del norte increment\u00f3 de manera significativa, alcanzando los niveles m\u00e1s altos en los \u00faltimos diez a\u00f1os.<\/p>\n<p style=\"text-align: justify;\">El presidente Joe Biden lleg\u00f3 a la Casa Blanca prometiendo que frenar\u00eda las deportaciones y que regularizar\u00eda a los 11 millones de indocumentados, realmente ser\u00eda una amnist\u00eda a toda regla y de dimensiones sin precedentes desde la que autoriz\u00f3 Ronald Reagan en 1986, iba a ser un giro dr\u00e1stico tras los cuatro a\u00f1os de restricciones de Trump. Sin embargo, a ocho meses de iniciada su administraci\u00f3n, Biden mantiene en pie el grueso de las restricciones de Trump, excus\u00e1ndose en que la pandemia ha provocado un contexto excepcional. Y hemos escuchado las declaraciones de la vicepresidenta Kamala Harris, quien ha pedido a los migrantes centroamericanos no intentar cruzar las fronteras para llegar a EEUU, incluso en las dos \u00faltimas semanas se ha dado luz verde al ICE (Servicio de Inmigraci\u00f3n y Control de Aduanas) para acelerar las deportaciones.<\/p>\n<p style=\"text-align: justify;\">A la fecha con la administraci\u00f3n Biden sigue vigente el T\u00edtulo 42, una orden de salud p\u00fablica aprobada por Trump para negar el derecho de asilo a la gran mayor\u00eda de migrantes por el riesgo de transmisi\u00f3n de Covid-19. Biden ha aplicado excepciones a dicho T\u00edtulo por motivos humanitarios, permitiendo la entrada de menores de edad por ejemplo, enfrent\u00e1ndose as\u00ed a un fuerte aumento en la llegada de menores no acompa\u00f1ados, si en octubre de 2020 fueron 1000 los que intentaron cruzar, en febrero de 2021 fueron casi 19,000.<\/p>\n<p style=\"text-align: justify;\">Adem\u00e1s, en esta misma fecha se rompi\u00f3 el r\u00e9cord en n\u00famero de cruces y detenciones en la zona fronteriza, en tan s\u00f3lo 28 d\u00edas se detuvieron a 100,440 personas, esto en contraste con las 36 mil detenciones en febrero del 2020 todav\u00eda con la gesti\u00f3n de Donald Trump. Del total de detenidos en febrero de 2021, 10 mil eran menores de edad, quienes han sido recluidos en centros de detenci\u00f3n temporal o albergues mientras esperan que sus casos sean procesados, en condiciones de hacinamiento, donde no hay posibilidad de evitar los contagios de Covid-19.<\/p>\n<p style=\"text-align: justify;\">Otra medida anti inmigrante de la actual administraci\u00f3n ha sido el bloqueo de nuevas solicitudes de DACA (Acci\u00f3n Diferida para los Llegados en la infancia), programa que protege de la deportaci\u00f3n y ayuda a obtener un permiso de trabajo y un n\u00famero de seguridad social a los inmigrantes indocumentados.<\/p>\n<p style=\"text-align: justify;\">Los trabajadores indocumentados juegan un papel clave en la recuperaci\u00f3n econ\u00f3mica, porque son los m\u00e1s baratos de contratar y est\u00e1n dispuestos a trabajar en las condiciones m\u00e1s adversas. Mientras la crisis capitalista contin\u00fae generando desempleo, inseguridad, miseria y hambre, los trabajadores seguir\u00e1n migrando en b\u00fasqueda de mejores condiciones de vida. As\u00ed como los pa\u00edses expulsores de migrantes son v\u00e1lvulas de escape para el ej\u00e9rcito de reserva de desempleados, los pa\u00edses receptores como EEUU se benefician de la mano de obra barata al desvalorizar la fuerza de trabajo.<\/p>\n<p style=\"text-align: justify;\">Ya sea en su pa\u00eds de origen o en el pa\u00eds de destino, los trabajadores, los inmigrantes y los retornados se encuentran en escenarios donde las condiciones de explotaci\u00f3n permanecen, con trabajos precarios, salarios bajos, con nulas prestaciones, sujetos a las leyes del mercado, vulnerables, expuestos a abusos por parte de los patrones. Pero existe una alternativa mientras se reconozcan como hermanos de clase sin distinci\u00f3n de nacionalidades, para organizarse y pelear por mejores condiciones de trabajo y de vida.<\/p>\n","protected":false},"excerpt":{"rendered":"<p>Durante los inicios de la pandemia en 2020 el gobierno de EEUU aprovech\u00f3 para endurecer su pol\u00edtica migratoria anunciando que suspender\u00eda las leyes migratorias. El entonces presidente Donald Trump no apoy\u00f3 el confinamiento, por el contrario, privilegi\u00f3 la apresurada reapertura de la econom\u00eda y empez\u00f3 a deportar de inmediato a M\u00e9xico a todos los solicitantes de asilo y a los migrantes indocumentados que cruzaran su frontera.<\/p>\n","protected":false},"author":1,"featured_media":3291,"comment_status":"open","ping_status":"open","sticky":false,"template":"","format":"standard","meta":{"rop_custom_images_group":[],"rop_custom_messages_group":[],"rop_publish_now":"initial","rop_publish_now_accounts":[],"rop_publish_now_history":[],"rop_publish_now_status":"pending","_exactmetrics_skip_tracking":false,"_exactmetrics_sitenote_active":false,"_exactmetrics_sitenote_note":"","_exactmetrics_sitenote_category":0,"footnotes":""},"categories":[5],"tags":[963,964,394,966],"class_list":["post-3290","post","type-post","status-publish","format-standard","has-post-thumbnail","hentry","category-elmachete","tag-biden","tag-eua","tag-migracion","tag-trump"],"wppr_data":{"cwp_meta_box_check":"No"},"_links":{"self":[{"href":"https:\/\/elmachete.mx\/index.php\/wp-json\/wp\/v2\/posts\/3290","targetHints":{"allow":["GET"]}}],"collection":[{"href":"https:\/\/elmachete.mx\/index.php\/wp-json\/wp\/v2\/posts"}],"about":[{"href":"https:\/\/elmachete.mx\/index.php\/wp-json\/wp\/v2\/types\/post"}],"author":[{"embeddable":true,"href":"https:\/\/elmachete.mx\/index.php\/wp-json\/wp\/v2\/users\/1"}],"replies":[{"embeddable":true,"href":"https:\/\/elmachete.mx\/index.php\/wp-json\/wp\/v2\/comments?post=3290"}],"version-history":[{"count":1,"href":"https:\/\/elmachete.mx\/index.php\/wp-json\/wp\/v2\/posts\/3290\/revisions"}],"predecessor-version":[{"id":3292,"href":"https:\/\/elmachete.mx\/index.php\/wp-json\/wp\/v2\/posts\/3290\/revisions\/3292"}],"wp:featuredmedia":[{"embeddable":true,"href":"https:\/\/elmachete.mx\/index.php\/wp-json\/wp\/v2\/media\/3291"}],"wp:attachment":[{"href":"https:\/\/elmachete.mx\/index.php\/wp-json\/wp\/v2\/media?parent=3290"}],"wp:term":[{"taxonomy":"category","embeddable":true,"href":"https:\/\/elmachete.mx\/index.php\/wp-json\/wp\/v2\/categories?post=3290"},{"taxonomy":"post_tag","embeddable":true,"href":"https:\/\/elmachete.mx\/index.php\/wp-json\/wp\/v2\/tags?post=3290"}],"curies":[{"name":"wp","href":"https:\/\/api.w.org\/{rel}","templated":true}]}}