{"id":3307,"date":"2021-10-03T23:02:45","date_gmt":"2021-10-04T04:02:45","guid":{"rendered":"https:\/\/elmachete.mx\/?p=3307"},"modified":"2021-10-03T23:02:45","modified_gmt":"2021-10-04T04:02:45","slug":"la-juventud-comunista-en-el-centenario-del-pcm","status":"publish","type":"post","link":"https:\/\/elmachete.mx\/index.php\/2021\/10\/03\/la-juventud-comunista-en-el-centenario-del-pcm\/","title":{"rendered":"La juventud comunista en el centenario del PCM"},"content":{"rendered":"<p><img loading=\"lazy\" decoding=\"async\" class=\" wp-image-3308 aligncenter\" src=\"https:\/\/elmachete.mx\/wp-content\/uploads\/2021\/10\/228982267_4386441798044144_7592598405827047245_n-232x300.jpg\" alt=\"\" width=\"393\" height=\"509\" srcset=\"https:\/\/elmachete.mx\/wp-content\/uploads\/2021\/10\/228982267_4386441798044144_7592598405827047245_n-232x300.jpg 232w, https:\/\/elmachete.mx\/wp-content\/uploads\/2021\/10\/228982267_4386441798044144_7592598405827047245_n-39x50.jpg 39w, https:\/\/elmachete.mx\/wp-content\/uploads\/2021\/10\/228982267_4386441798044144_7592598405827047245_n.jpg 580w\" sizes=\"auto, (max-width: 393px) 100vw, 393px\" \/><\/p>\n<p>&nbsp;<\/p>\n<p style=\"text-align: right;\">Por<em>: Omar Cota<\/em><\/p>\n<p style=\"text-align: justify;\">Entre el 25 y el 31 de diciembre de 1921 tuvo lugar el Primer Congreso del Partido Comunista de M\u00e9xico \u2013 Secci\u00f3n de la Internacional Comunista. La realizaci\u00f3n de este importante suceso fue gracias a la ardua labor pol\u00edtica y organizativa por parte de los tres emisarios que la I.C. envi\u00f3 a M\u00e9xico: Francis Phillips, Sen Katayama y Louis Fraina.<\/p>\n<p style=\"text-align: justify;\">Si bien los primeros a\u00f1os de existencia del PCM estuvieron marcados por la d\u00e9bil formaci\u00f3n pol\u00edtica de sus militantes, la fuerte influencia del anarcosindicalismo, una reticencia a participar en las elecciones para utilizar el parlamento como tribuna de denuncia, etc., los comunistas del Siglo XXI trabajamos en el presente para recuperar el legado (con sus errores y aciertos) de la primera generaci\u00f3n de comunistas que trabaj\u00f3 para que en M\u00e9xico existiese un fuerte y disciplinado Partido Comunista.<\/p>\n<p style=\"text-align: justify;\">A cien a\u00f1os de distancia, la FJC se prepara para realizar su 3\u00ba Congreso los d\u00edas 17, 18 y 19 de diciembre de 2021 bajo la consigna: <strong><em>\u00a1Preparemos a la juventud para el derrocamiento del capitalismo! <\/em><\/strong>\u00a0Con el objetivo de convertirnos en una organizaci\u00f3n grande y numerosa de j\u00f3venes proletarios. Ello implica que para el pr\u00f3ximo periodo nos fijamos como tarea:<\/p>\n<p>1.- Organizar y construir un movimiento de la juventud obrera que luche por la eliminaci\u00f3n del outsourcing, la flexibilidad laboral, echar abajo el actual sistema de pensiones, etc.<\/p>\n<p>2.- Organizar y dirigir masivamente a los estudiantes proletarios, para ello es preciso fundar organizaciones de base s\u00f3lidas, de masas, con car\u00e1cter clasista, con banderas de lucha que impulsen la educaci\u00f3n p\u00fablica, gratuita, cient\u00edfica e integral, de calidad, al servicio del pueblo trabajador y ligada al trabajo.<\/p>\n<p>3.- Organizar y dirigir a la juventud explotada de los barrios populares, para ello habremos de luchar por mejorar las condiciones de acceso a la cultura, el deporte, la recreaci\u00f3n y crear una base que respalde el movimiento obrero de los corredores o ciudades industriales.<\/p>\n<p style=\"text-align: justify;\">Las fechas de la realizaci\u00f3n del 3\u00ba Congreso tienen por objetivo evocar los esfuerzos pol\u00edticos y organizativos del Centenario de formaci\u00f3n del PCM, por ello, la Juventud Comunista se prepara para dar un salto hacia adelante, a\u00fan en medio de dif\u00edciles condiciones sanitarias producto de la pandemia de Covid-19 estamos convencidos de que la lucha de clases no ha cesado y que es necesario que en nuestro pa\u00eds se visibilice el brazo juvenil del PCM, una organizaci\u00f3n numerosa y vigorosa es lo que necesita el Partido Comunista, una amplia cantera de cuadros, una organizaci\u00f3n enraizada en cada centro de trabajo, estudio y de los barrios populares.<\/p>\n","protected":false},"excerpt":{"rendered":"<p>Entre el 25 y el 31 de diciembre de 1921 tuvo lugar el Primer Congreso del Partido Comunista de M\u00e9xico \u2013 Secci\u00f3n de la Internacional Comunista. La realizaci\u00f3n de este importante suceso fue gracias a la ardua labor pol\u00edtica y organizativa por parte de los tres emisarios que la I.C. envi\u00f3 a M\u00e9xico: Francis Phillips, Sen Katayama y Louis Fraina.<\/p>\n","protected":false},"author":1,"featured_media":3308,"comment_status":"open","ping_status":"open","sticky":false,"template":"","format":"standard","meta":{"rop_custom_images_group":[],"rop_custom_messages_group":[],"rop_publish_now":"initial","rop_publish_now_accounts":[],"rop_publish_now_history":[],"rop_publish_now_status":"pending","_exactmetrics_skip_tracking":false,"_exactmetrics_sitenote_active":false,"_exactmetrics_sitenote_note":"","_exactmetrics_sitenote_category":0,"footnotes":""},"categories":[732],"tags":[351,974,341],"class_list":["post-3307","post","type-post","status-publish","format-standard","has-post-thumbnail","hentry","category-juventud","tag-fjc","tag-iii-congreso","tag-juventud"],"wppr_data":{"cwp_meta_box_check":"No"},"_links":{"self":[{"href":"https:\/\/elmachete.mx\/index.php\/wp-json\/wp\/v2\/posts\/3307","targetHints":{"allow":["GET"]}}],"collection":[{"href":"https:\/\/elmachete.mx\/index.php\/wp-json\/wp\/v2\/posts"}],"about":[{"href":"https:\/\/elmachete.mx\/index.php\/wp-json\/wp\/v2\/types\/post"}],"author":[{"embeddable":true,"href":"https:\/\/elmachete.mx\/index.php\/wp-json\/wp\/v2\/users\/1"}],"replies":[{"embeddable":true,"href":"https:\/\/elmachete.mx\/index.php\/wp-json\/wp\/v2\/comments?post=3307"}],"version-history":[{"count":2,"href":"https:\/\/elmachete.mx\/index.php\/wp-json\/wp\/v2\/posts\/3307\/revisions"}],"predecessor-version":[{"id":3310,"href":"https:\/\/elmachete.mx\/index.php\/wp-json\/wp\/v2\/posts\/3307\/revisions\/3310"}],"wp:featuredmedia":[{"embeddable":true,"href":"https:\/\/elmachete.mx\/index.php\/wp-json\/wp\/v2\/media\/3308"}],"wp:attachment":[{"href":"https:\/\/elmachete.mx\/index.php\/wp-json\/wp\/v2\/media?parent=3307"}],"wp:term":[{"taxonomy":"category","embeddable":true,"href":"https:\/\/elmachete.mx\/index.php\/wp-json\/wp\/v2\/categories?post=3307"},{"taxonomy":"post_tag","embeddable":true,"href":"https:\/\/elmachete.mx\/index.php\/wp-json\/wp\/v2\/tags?post=3307"}],"curies":[{"name":"wp","href":"https:\/\/api.w.org\/{rel}","templated":true}]}}