{"id":3753,"date":"2022-01-31T23:32:42","date_gmt":"2022-02-01T04:32:42","guid":{"rendered":"https:\/\/elmachete.mx\/?p=3753"},"modified":"2022-01-31T23:32:42","modified_gmt":"2022-02-01T04:32:42","slug":"mercado-laboral-ultimos-indicadores-2022","status":"publish","type":"post","link":"https:\/\/elmachete.mx\/index.php\/2022\/01\/31\/mercado-laboral-ultimos-indicadores-2022\/","title":{"rendered":"Mercado Laboral, \u00daltimos Indicadores 2022"},"content":{"rendered":"<p><img loading=\"lazy\" decoding=\"async\" class=\"size-full wp-image-3454 aligncenter\" src=\"https:\/\/elmachete.mx\/wp-content\/uploads\/2021\/11\/aaaa.jpg\" alt=\"\" width=\"280\" height=\"205\" srcset=\"https:\/\/elmachete.mx\/wp-content\/uploads\/2021\/11\/aaaa.jpg 280w, https:\/\/elmachete.mx\/wp-content\/uploads\/2021\/11\/aaaa-50x37.jpg 50w\" sizes=\"auto, (max-width: 280px) 100vw, 280px\" \/><\/p>\n<p style=\"text-align: right;\"><strong><em>Enero 2022\u00a0 \u00a0 \u00a0 \u00a0 \u00a0 \u00a0 <\/em><\/strong><\/p>\n<p style=\"text-align: left;\"><strong><em>Observatorio Laboral de las Altas Monta\u00f1as \u00a0 \u00a0 \u00a0 \u00a0 \u00a0 \u00a0 \u00a0<\/em><\/strong><\/p>\n<hr \/>\n<p>&nbsp;<\/p>\n<p>&nbsp;<\/p>\n<p style=\"text-align: justify;\">La permanencia y aumento de una superpoblaci\u00f3n de trabajadores, es necesaria en el marco de la acumulaci\u00f3n capitalista o en el incremento de la riqueza, lo anterior supone que la masa de desempleados se convierta en un mecanismo de superexplotaci\u00f3n, o precarizaci\u00f3n de la clase trabajadora pero tambi\u00e9n en una palanca de acumulaci\u00f3n de capital.<\/p>\n<p style=\"text-align: justify;\">Una de las condiciones de la l\u00f3gica del r\u00e9gimen capitalista de producci\u00f3n es constituir un \u201cej\u00e9rcito industrial de reserva\u201d, es decir, un contingente disponible el cual brinda material humano dispuesto a ser explotado; en tiempo de mayor crisis este fen\u00f3meno es todav\u00eda m\u00e1s evidente.<\/p>\n<p style=\"text-align: justify;\">La Organizaci\u00f3n Internacional del Trabajo (OIT) reconoce que las perspectivas del mercado de trabajo mundial se deterioran. En su reporte \u201cPerspectivas sociales y del empleo en el mundo 2022 (Tendencias 2022)\u201d, la OIT calcula que el desempleo mundial se mantendr\u00e1 por encima de los niveles anteriores al coronavirus hasta 2023, al menos, por lo que se prev\u00e9 un desempleo global de 207 millones de plazas en 2022, monto que superar\u00e1 en 21 millones de puestos al de 2019.<\/p>\n<p style=\"text-align: justify;\">Con el inicio de la emergencia sanitaria en M\u00e9xico, que signific\u00f3 una mayor crisis y desigualdad econ\u00f3mica, la situaci\u00f3n de la clase trabajadora empeor\u00f3 sin que esta tuviera alguna mejora o recuperaci\u00f3n significativa.<\/p>\n<p style=\"text-align: justify;\">Como contexto, el crecimiento econ\u00f3mico despu\u00e9s del confinamiento solo ha sido inercial; para el primer trimestre del 2020 el PIB registr\u00f3 18,220,798,000,000 de pesos, la ca\u00edda para el segundo trimestre de ese a\u00f1o fue del 17.7 % para llegar a 14,980,665,000,000 de pesos (cifras desestacionalizadas base 2013). Para el tercer trimestre del 2021 el PIB alcanz\u00f3 un monto de 17,841,981,000,000 de pesos cifra es similar a la del 2016.<\/p>\n<p>&nbsp;<\/p>\n<p style=\"text-align: justify;\"><strong><em><a href=\"https:\/\/elmachete.mx\/wp-content\/uploads\/2022\/01\/Boletin-enero.pdf\" class=\"pdfemb-viewer\" style=\"\" data-width=\"max\" data-height=\"max\" data-toolbar=\"bottom\" data-toolbar-fixed=\"off\">Boletin enero<\/a>\u00a0\u00a0\u00a0\u00a0\u00a0\u00a0\u00a0\u00a0\u00a0\u00a0\u00a0\u00a0\u00a0\u00a0\u00a0\u00a0\u00a0\u00a0\u00a0\u00a0\u00a0\u00a0\u00a0\u00a0\u00a0\u00a0\u00a0\u00a0\u00a0\u00a0\u00a0\u00a0\u00a0\u00a0\u00a0\u00a0\u00a0\u00a0\u00a0\u00a0\u00a0\u00a0\u00a0\u00a0\u00a0\u00a0\u00a0\u00a0\u00a0\u00a0\u00a0\u00a0\u00a0\u00a0\u00a0\u00a0\u00a0\u00a0\u00a0\u00a0\u00a0\u00a0\u00a0\u00a0\u00a0\u00a0\u00a0\u00a0\u00a0\u00a0\u00a0\u00a0\u00a0\u00a0\u00a0\u00a0\u00a0\u00a0\u00a0\u00a0\u00a0\u00a0\u00a0\u00a0\u00a0\u00a0\u00a0\u00a0\u00a0\u00a0\u00a0\u00a0\u00a0\u00a0\u00a0\u00a0\u00a0\u00a0\u00a0\u00a0\u00a0\u00a0\u00a0\u00a0\u00a0\u00a0\u00a0\u00a0\u00a0\u00a0\u00a0\u00a0\u00a0\u00a0 <\/em><\/strong><\/p>\n","protected":false},"excerpt":{"rendered":"<p>La permanencia y aumento de una superpoblaci\u00f3n de trabajadores, es necesaria en el marco de la acumulaci\u00f3n capitalista o en el incremento de la riqueza, lo anterior supone que la masa de desempleados se convierta en un mecanismo de superexplotaci\u00f3n, o precarizaci\u00f3n de la clase trabajadora pero tambi\u00e9n en una palanca de acumulaci\u00f3n de capital.<\/p>\n","protected":false},"author":1,"featured_media":3454,"comment_status":"open","ping_status":"open","sticky":false,"template":"","format":"standard","meta":{"rop_custom_images_group":[],"rop_custom_messages_group":[],"rop_publish_now":"initial","rop_publish_now_accounts":[],"rop_publish_now_history":[],"rop_publish_now_status":"pending","_exactmetrics_skip_tracking":false,"_exactmetrics_sitenote_active":false,"_exactmetrics_sitenote_note":"","_exactmetrics_sitenote_category":0,"footnotes":""},"categories":[729,16],"tags":[1134,953,1135,1057],"class_list":["post-3753","post","type-post","status-publish","format-standard","has-post-thumbnail","hentry","category-obrero-sindical","category-politica-1","tag-boletin-enero-2022","tag-explotacion-capitalista","tag-mercado-laboral","tag-observatorio-laboral-de-las-altas-montanas"],"wppr_data":{"cwp_meta_box_check":"No"},"_links":{"self":[{"href":"https:\/\/elmachete.mx\/index.php\/wp-json\/wp\/v2\/posts\/3753","targetHints":{"allow":["GET"]}}],"collection":[{"href":"https:\/\/elmachete.mx\/index.php\/wp-json\/wp\/v2\/posts"}],"about":[{"href":"https:\/\/elmachete.mx\/index.php\/wp-json\/wp\/v2\/types\/post"}],"author":[{"embeddable":true,"href":"https:\/\/elmachete.mx\/index.php\/wp-json\/wp\/v2\/users\/1"}],"replies":[{"embeddable":true,"href":"https:\/\/elmachete.mx\/index.php\/wp-json\/wp\/v2\/comments?post=3753"}],"version-history":[{"count":2,"href":"https:\/\/elmachete.mx\/index.php\/wp-json\/wp\/v2\/posts\/3753\/revisions"}],"predecessor-version":[{"id":3756,"href":"https:\/\/elmachete.mx\/index.php\/wp-json\/wp\/v2\/posts\/3753\/revisions\/3756"}],"wp:featuredmedia":[{"embeddable":true,"href":"https:\/\/elmachete.mx\/index.php\/wp-json\/wp\/v2\/media\/3454"}],"wp:attachment":[{"href":"https:\/\/elmachete.mx\/index.php\/wp-json\/wp\/v2\/media?parent=3753"}],"wp:term":[{"taxonomy":"category","embeddable":true,"href":"https:\/\/elmachete.mx\/index.php\/wp-json\/wp\/v2\/categories?post=3753"},{"taxonomy":"post_tag","embeddable":true,"href":"https:\/\/elmachete.mx\/index.php\/wp-json\/wp\/v2\/tags?post=3753"}],"curies":[{"name":"wp","href":"https:\/\/api.w.org\/{rel}","templated":true}]}}