{"id":3809,"date":"2022-02-20T20:00:22","date_gmt":"2022-02-21T01:00:22","guid":{"rendered":"https:\/\/elmachete.mx\/?p=3809"},"modified":"2022-02-21T01:19:57","modified_gmt":"2022-02-21T06:19:57","slug":"la-vigencia-de-la-lucha-por-la-paz","status":"publish","type":"post","link":"https:\/\/elmachete.mx\/index.php\/2022\/02\/20\/la-vigencia-de-la-lucha-por-la-paz\/","title":{"rendered":"La vigencia de la lucha por la paz"},"content":{"rendered":"<p><img loading=\"lazy\" decoding=\"async\" class=\"alignnone size-medium wp-image-3818\" src=\"https:\/\/elmachete.mx\/wp-content\/uploads\/2022\/02\/El-marxismo-y-la-salud-238x300.jpg\" alt=\"\" width=\"238\" height=\"300\" srcset=\"https:\/\/elmachete.mx\/wp-content\/uploads\/2022\/02\/El-marxismo-y-la-salud-238x300.jpg 238w, https:\/\/elmachete.mx\/wp-content\/uploads\/2022\/02\/El-marxismo-y-la-salud-40x50.jpg 40w, https:\/\/elmachete.mx\/wp-content\/uploads\/2022\/02\/El-marxismo-y-la-salud.jpg 406w\" sizes=\"auto, (max-width: 238px) 100vw, 238px\" \/><\/p>\n<p style=\"text-align: right;\">Por:<em> \u00c1ngel Ch\u00e1vez<\/em><\/p>\n<p>&nbsp;<\/p>\n<p style=\"text-align: justify;\">En el marco de la Guerra Fr\u00eda la Uni\u00f3n Sovi\u00e9tica y los dem\u00e1s pa\u00edses del bloque socialista impulsaron un movimiento de lucha por la paz que tuvo por centro al Consejo Mundial de la Paz (CMP) creado en 1950. Esta organizaci\u00f3n de alcance mundial se concibi\u00f3 con un car\u00e1cter amplio, es decir en ella que participaban los comunistas y todas las fuerzas progresistas que deseaban poner un alto a las guerras engendradas por el sistema capitalista y ejecutadas por los Estados burgueses en favor de los monopolios. Dentro del CMP participaban los comunistas, pero no era una organizaci\u00f3n supeditada a los Partidos Comunistas, m\u00e1s depend\u00eda de los militantes de \u00e9stos que el CMP tuviera posiciones clasistas y no pasara al campo del pacifismo burgu\u00e9s.<\/p>\n<p style=\"text-align: justify;\">El CMP logr\u00f3 agrupar a los intelectuales, cient\u00edficos y personalidades pol\u00edticas m\u00e1s destacadas de todo el mundo, cont\u00f3 con escritores como Pablo Neruda, Jorge Amado, Howard Fast y Jean-Paul Sartre; tambi\u00e9n se sumaron pintores como los mexicanos Diego Rivera, David Alfaro Siqueiros, adem\u00e1s de Pablo Picasso, quien aport\u00f3 la paloma de la paz que fue el emblema del CMP. Tambi\u00e9n se sumaron cient\u00edficos como Federico Joliot-Curie, John Bernal y los mexicanos Isaac Ochoterena, y Carlos Graef. Tambi\u00e9n participaron personajes como de la vida pol\u00edtica del pa\u00eds como Dionisio Encina, Vicente Lombardo Toledano, L\u00e1zaro C\u00e1rdenas y Heriberto Jara.<\/p>\n<p style=\"text-align: justify;\">El CMP logr\u00f3 ser una organizaci\u00f3n que ten\u00eda voz ante la Organizaci\u00f3n de Naciones Unidas (ONU), y junto con el bloque socialista hac\u00eda un contra peso a los planes guerreristas de los Estados capitalistas, ya fueran guerras interimperialistas, las intervenciones militares, adem\u00e1s colaboraba con los pueblos que emprend\u00edan la lucha por luchas por la liberaci\u00f3n. Tambi\u00e9n impuls\u00f3 la prohibici\u00f3n de las armas at\u00f3micas y dem\u00e1s arsenal de destrucci\u00f3n masiva.<\/p>\n<p style=\"text-align: justify;\">Hablar del CMP tiene un inter\u00e9s no s\u00f3lo de car\u00e1cter hist\u00f3rico, sino principalmente para incitar a la reflexi\u00f3n sobre la vigencia de la lucha por la paz en nuestro tiempo y las tareas que en este campo competen a los comunistas y a las fuerzas progresistas y democr\u00e1ticas que se oponen a la barbarie de la guerra que es inherente al sistema capitalista. Que la bandera de la lucha por la paz contin\u00faa siendo leg\u00edtima y necear\u00eda lo demuestran las recientes tensiones interimperialistas que han tenido por centro a Ucrania, pues m\u00e1s all\u00e1 de las posibilidades (que hasta ahora se han atenuado) de que este conflicto estalle en una guerra de mayor dimensi\u00f3n, lo importante es que se debe considerar como una muestra de una tendencia generala a la agudizaci\u00f3n de los conflictos interimperialistas.<\/p>\n<p style=\"text-align: justify;\">Es decir, no se pueden explicar las tendencias belicistas por las personalidades de tal o cual mandatario, que en todo caso son elementos secundarios del proceso, lo esencial es que con el desarrollo de la econom\u00eda China y el posible desplazamiento de Estados Unidos de la c\u00faspide de la pir\u00e1mide imperialista, adem\u00e1s de otra serie de reacomodos (ascensos y descensos) de la pir\u00e1mide, surge un escenario donde la disputa de las econom\u00edas capitalistas y los m\u00faltiples bloques que los Estados tienden a resolver las disputas de car\u00e1cter econ\u00f3mico por la v\u00eda militar, pues la din\u00e1mica del capitalismo les empuja a ello. Esto explica el porqu\u00e9 de la creaci\u00f3n de bloques y tratados econ\u00f3micos internacionales, el fortalecimiento del sector militar y la ejecuci\u00f3n de maniobras, el redise\u00f1o de tratados y acuerdos militares; y la constante escena internacional ocupada por contradicciones entre de la Uni\u00f3n Europea, Estados Unido, China, Rusia, por nombrar algunos.<\/p>\n<p style=\"text-align: justify;\">La guerra es inherente al capitalismo, una paz duradera s\u00f3lo puede llegar junto con el derrocamiento del capitalismo y la construcci\u00f3n de una sociedad socialista donde no exista la econom\u00eda de mercado y as\u00ed desaparezcan los fundamentos materiales de la guerra. Es por esto que Frida Kahlo en su obra \u201cEl Marxismo dar\u00e1 salud a los enfermos\u201d (1954) pint\u00f3 una paloma de la paz sobre el planeta tierra que se encuentra junto al rostro de Marx, del que sale una mano que ahorca a un engendro que presenta al capitalismo. Esta obra no s\u00f3lo habla del sufrimiento personal de Frida, sino que expresa que el sufrimiento de toda la humanidad s\u00f3lo puede ser aliviado por la paz que se ha de cerner sobre la tierra con el triunfo del socialismo.<\/p>\n<p style=\"text-align: justify;\">El CMP sigue existiendo hoy d\u00eda, desde el a\u00f1o 2000 su sede se encuentra en Atenas Grecia, y nuevamente existen decenas de organizaciones a nivel mundial que est\u00e1n afiliadas. En M\u00e9xico una de \u00e9stas es el Comit\u00e9 de Solidaridad con los Pueblos (COSP), cuya labor se ha desplegado en solidaridad con Cuba y con el pueblo palestino, adem\u00e1s de organizar protestas contra la pol\u00edtica intervencionistas de EEUU y la presencia de Kamala Harris en M\u00e9xico cuyo objetivo fue afianzar la supeditaci\u00f3n de M\u00e9xico al tratado econ\u00f3mico T-MEC y sus implicaciones laborales, de pol\u00edtica migratoria y seguridad.<\/p>\n<p style=\"text-align: justify;\">Es necesario fortalecer la lucha por la paz como uno de los frentes que pasar\u00e1n a tener un importante papel en los pr\u00f3ximos a\u00f1os. Para conocer m\u00e1s de la labor del COSOP: <a href=\"https:\/\/www.facebook.com\/cosopmexico\">https:\/\/www.facebook.com\/cosopmexico<\/a>.<\/p>\n","protected":false},"excerpt":{"rendered":"<p>n el marco de la Guerra Fr\u00eda la Uni\u00f3n Sovi\u00e9tica y los dem\u00e1s pa\u00edses del bloque socialista impulsaron un movimiento de lucha por la paz que tuvo por centro al Consejo Mundial de la Paz (CMP) creado en 1950. Esta organizaci\u00f3n de alcance mundial y se concibi\u00f3 con un car\u00e1cter amplio, es decir en la que participaban los comunistas y todas las fuerzas progresistas que deseaban poner un alto a las guerras engendradas por el sistema capitalista y ejecutadas por los Estados burgueses en favor de los monopolios.<\/p>\n","protected":false},"author":2,"featured_media":3818,"comment_status":"open","ping_status":"open","sticky":false,"template":"","format":"standard","meta":{"rop_custom_images_group":[],"rop_custom_messages_group":[],"rop_publish_now":"initial","rop_publish_now_accounts":[],"rop_publish_now_history":[],"rop_publish_now_status":"pending","_exactmetrics_skip_tracking":false,"_exactmetrics_sitenote_active":false,"_exactmetrics_sitenote_note":"","_exactmetrics_sitenote_category":0,"footnotes":""},"categories":[16],"tags":[1164,1166,1165],"class_list":["post-3809","post","type-post","status-publish","format-standard","has-post-thumbnail","hentry","category-politica-1","tag-cmp","tag-consejo-mundial-por-la-paz","tag-cosop"],"wppr_data":{"cwp_meta_box_check":"No"},"_links":{"self":[{"href":"https:\/\/elmachete.mx\/index.php\/wp-json\/wp\/v2\/posts\/3809","targetHints":{"allow":["GET"]}}],"collection":[{"href":"https:\/\/elmachete.mx\/index.php\/wp-json\/wp\/v2\/posts"}],"about":[{"href":"https:\/\/elmachete.mx\/index.php\/wp-json\/wp\/v2\/types\/post"}],"author":[{"embeddable":true,"href":"https:\/\/elmachete.mx\/index.php\/wp-json\/wp\/v2\/users\/2"}],"replies":[{"embeddable":true,"href":"https:\/\/elmachete.mx\/index.php\/wp-json\/wp\/v2\/comments?post=3809"}],"version-history":[{"count":3,"href":"https:\/\/elmachete.mx\/index.php\/wp-json\/wp\/v2\/posts\/3809\/revisions"}],"predecessor-version":[{"id":3820,"href":"https:\/\/elmachete.mx\/index.php\/wp-json\/wp\/v2\/posts\/3809\/revisions\/3820"}],"wp:featuredmedia":[{"embeddable":true,"href":"https:\/\/elmachete.mx\/index.php\/wp-json\/wp\/v2\/media\/3818"}],"wp:attachment":[{"href":"https:\/\/elmachete.mx\/index.php\/wp-json\/wp\/v2\/media?parent=3809"}],"wp:term":[{"taxonomy":"category","embeddable":true,"href":"https:\/\/elmachete.mx\/index.php\/wp-json\/wp\/v2\/categories?post=3809"},{"taxonomy":"post_tag","embeddable":true,"href":"https:\/\/elmachete.mx\/index.php\/wp-json\/wp\/v2\/tags?post=3809"}],"curies":[{"name":"wp","href":"https:\/\/api.w.org\/{rel}","templated":true}]}}