{"id":4182,"date":"2022-06-30T19:35:58","date_gmt":"2022-07-01T00:35:58","guid":{"rendered":"https:\/\/elmachete.mx\/?p=4182"},"modified":"2022-06-30T19:35:58","modified_gmt":"2022-07-01T00:35:58","slug":"ha-fracasado-la-politica-en-contra-del-crimen-organizado","status":"publish","type":"post","link":"https:\/\/elmachete.mx\/index.php\/2022\/06\/30\/ha-fracasado-la-politica-en-contra-del-crimen-organizado\/","title":{"rendered":"Ha Fracasado La Pol\u00edtica En Contra Del Crimen Organizado"},"content":{"rendered":"<p>&nbsp;<\/p>\n<p><img loading=\"lazy\" decoding=\"async\" class=\" wp-image-4183 aligncenter\" src=\"https:\/\/elmachete.mx\/wp-content\/uploads\/2022\/06\/Chihuahua-jesuita-narco-sacerdotes-Javier-Campos-Joaquin-Mora-300x169.jpg\" alt=\"\" width=\"442\" height=\"249\" srcset=\"https:\/\/elmachete.mx\/wp-content\/uploads\/2022\/06\/Chihuahua-jesuita-narco-sacerdotes-Javier-Campos-Joaquin-Mora-300x169.jpg 300w, https:\/\/elmachete.mx\/wp-content\/uploads\/2022\/06\/Chihuahua-jesuita-narco-sacerdotes-Javier-Campos-Joaquin-Mora-1024x576.jpg 1024w, https:\/\/elmachete.mx\/wp-content\/uploads\/2022\/06\/Chihuahua-jesuita-narco-sacerdotes-Javier-Campos-Joaquin-Mora-768x432.jpg 768w, https:\/\/elmachete.mx\/wp-content\/uploads\/2022\/06\/Chihuahua-jesuita-narco-sacerdotes-Javier-Campos-Joaquin-Mora-640x360.jpg 640w, https:\/\/elmachete.mx\/wp-content\/uploads\/2022\/06\/Chihuahua-jesuita-narco-sacerdotes-Javier-Campos-Joaquin-Mora-50x28.jpg 50w, https:\/\/elmachete.mx\/wp-content\/uploads\/2022\/06\/Chihuahua-jesuita-narco-sacerdotes-Javier-Campos-Joaquin-Mora-600x338.jpg 600w, https:\/\/elmachete.mx\/wp-content\/uploads\/2022\/06\/Chihuahua-jesuita-narco-sacerdotes-Javier-Campos-Joaquin-Mora.jpg 1200w\" sizes=\"auto, (max-width: 442px) 100vw, 442px\" \/><\/p>\n<p>&nbsp;<\/p>\n<p>&nbsp;<\/p>\n<p style=\"text-align: right;\">Por: <em>H\u00e9ctor Ram\u00edrez Cu\u00e9llar<\/em><\/p>\n<p>&nbsp;<\/p>\n<p>&nbsp;<\/p>\n<p style=\"text-align: justify;\">El reciente asesinato de los misioneros jesuitas Javier Campos y Joaqu\u00edn Mora, en las puertas, precisamente, de la iglesia de Cerocahui, ubicada en la regi\u00f3n de la sierra Tarahumara, confirma, una vez, que la pol\u00edtica gubernamental de combate en contra de la delincuencia organizada ha fracasado y que, por lo tanto, se necesita una revisi\u00f3n profunda, si de verdad se pretende ir al fondo de este grave problema de car\u00e1cter nacional. Al mismo tiempo, se han publicado las tablas estad\u00edsticas, que provienen de los datos proporcionados por el secretariado de Seguridad Nacional, que indican que el n\u00famero de homicidios calificados que han ocurrido durante el periodo de Andr\u00e9s Manuel L\u00f3pez Obrador ya rebasaron los \u00edndices que se registraron durante los gobiernos de Felipe Calder\u00f3n y Enrique Pe\u00f1a Nieto y que en t\u00e9rminos generales en el pa\u00eds se registran diariamente en promedio 122 v\u00edctimas enfatizando que estas cifras tienen una tendencia hacia el crecimiento constante.<\/p>\n<p>Todos los d\u00edas se difunden en los peri\u00f3dicos comerciales y en las estaciones de radio y de televisi\u00f3n noticias relativas a los hechos tr\u00e1gicos que ocurren en una gran parte de las entidades federativas y de las medidas que toman las autoridades para enfrentar a los responsables, que consisten b\u00e1sicamente en enviar destacamentos de la Guardia Nacional para perseguirlos, en tanto se ha documentado que las bandas de narcotraficantes ya est\u00e1n incursionando tambi\u00e9n en el control ilegal de importantes actividades econ\u00f3micas, como la venta y distribuci\u00f3n de pollo, aguacate, cemento, gasolina y en la prestaci\u00f3n de diversos servicios como restaurantes, hoteles, cantinas, bares, indicando con ello que estos grupos se han fortalecido y diversificado en sus fuentes de financiamiento, como nunca hab\u00eda pasado en la historia moderna del pa\u00eds.<\/p>\n<p style=\"text-align: justify;\">Las instrucciones generales que se han dictado para ser cumplidas tanto en el ej\u00e9rcito, como en la marina y la Guardia Nacional, consisten, en forma global, en no contestar con fuego contra estos grupos, a menos que se produzca una agresi\u00f3n directa, de tal forma, que siendo estas las indicaciones, ante hechos evidentemente delictuosos, se deben mantener al margen de ellos, con la finalidad de no provocar la muerte de individuos que pudieran tener alguna culpabilidad o ninguna. Ello ha provocado en el seno de las fuerzas armadas una conducta de frustraci\u00f3n y hasta de disgusto, ya que, ante atropellos y agresiones sangrientas, deben observar la calidad de observadores \u00fanicamente.<\/p>\n<p style=\"text-align: justify;\">El protocolo denominado Uso Proporcional de la Fuerza se\u00f1ala, como su nombre lo indica, que las respuestas en contra de estos grupos deben ser equiparables a las que han empleado, tratando siempre de que los militares no asuman una conducta arbitraria o excesiva, pero este principio no se han estado cumpliendo, ya que, existe la convicci\u00f3n en el interior, en la persona de L\u00f3pez Obrador, de que no debe haber masacres sino que se debe incidir en las causas econ\u00f3micas y sociales que origina la conducta ilegal de los miembros de estas organizaciones, los cuales se deben erradicar mediante la creaci\u00f3n de empleos, otorgamiento de becas para los j\u00f3venes y una serie de excitativas de car\u00e1cter moral.<\/p>\n<p style=\"text-align: justify;\">Siguiendo esta interpretaci\u00f3n, cualquier medida o respuesta que ofrezcan los cuerpos armados en contra de los grupos de la delincuencia organizada, implicar\u00eda una trasgresi\u00f3n en contra de estos protocolos oficiales y, por lo tanto, los soldados y los mandos no desean violentar las instrucciones presidenciales, ya que, de hacerlo, pueden ser objeto de graves sanciones. De esta forma, se utiliza a los contingentes de la Guardia Nacional solo como factores disuasivos, es decir, se considera que su despliegue territorial y su presencia, por s\u00ed mismas, ser\u00edan m\u00e1s que suficiente para inhibir la comisi\u00f3n de delitos por parte de esos grupos que todos los d\u00edas realizan atentados y masacres contra otros individuos.<\/p>\n<p style=\"text-align: justify;\">Por ejemplo, en el estado de Zacatecas, una de las entidades m\u00e1s violentas, en la que act\u00faan por lo menos tres grandes grupos delincuenciales, la Guardia Nacional ha construido cuarteles, aumentado el n\u00famero de efectivos, efectuado grandes movilizaciones, pero la realizaci\u00f3n de il\u00edcitos continua en forma imparable, lo que indica la debilidad extrema o las deficiencias que padece la estrategia gubernamental.<\/p>\n<p style=\"text-align: justify;\">En t\u00e9rminos generales, se ha incrementado hasta en 150 mil los efectivos de la Guardia Nacional, se le han dotado de grandes recursos financieros, pero los niveles de violencia organizada est\u00e1n en constante incremento, lo que entra\u00f1a una seria contradicci\u00f3n que corresponde al gobierno federal explicar, ya que podr\u00eda indicar que ese no es el camino m\u00e1s adecuado para combatir ese flagelo. Est\u00e1 en una seria duda la eficacia que el gobierno esperaba de la militarizaci\u00f3n creciente, ya que, en la pr\u00e1ctica, en los hechos, la Guardia Nacional es una estructura subordinada por entero al ej\u00e9rcito, no obstante que se hab\u00eda prometido que tendr\u00eda autonom\u00eda.<\/p>\n<p style=\"text-align: justify;\">Esta pol\u00edtica pretende ignorar que las organizaciones de narcotraficantes tienen ya un elevado grado de preparaci\u00f3n t\u00e9cnica, disponen de una s\u00f3lida estructura, tienen c\u00e9lulas distribuidas en las principales poblaciones y colonias, est\u00e1n equipadas con tecnolog\u00eda avanzada, han adquirido un alto grado de profesionalizaci\u00f3n y de eficacia y adem\u00e1s se han fortalecido desde el punto de vista econ\u00f3mico, ya que, como hemos afirmado, est\u00e1n presentes en m\u00faltiples actividades productivas, lo que les permite tener muchos ingresos y, por lo tanto, su capacidad criminal y corruptora es muy grande.<\/p>\n<p style=\"text-align: justify;\">Las pasadas elecciones de los estados de Michoac\u00e1n, Colima, San Luis Potos\u00ed, sobre todo de Sinaloa y Tamaulipas, produjeron muchos elementos de car\u00e1cter informativo que indican, en forma concreta y no solo especulativa, que estos grupos participaron activa y hasta decisivamente en los procesos comiciales y que lo mismo ha sucedido en muchos municipios en donde han impuesto alcaldes, tesoreros y directores de obras, sin que haya manifestado el gobierno federal una cierta preocupaci\u00f3n por evitar estas intromisiones, mientras que las autoridades electorales han sido omisas tambi\u00e9n, ya que no han anulado estos ejercicios pol\u00edticos, no obstante que se vulneraron gravemente las normas legales vigentes.<\/p>\n<p style=\"text-align: justify;\">Urge una revisi\u00f3n profunda de la pol\u00edtica en contra de la delincuencia organizada, aunque esto provoque la molestia del Presidente de la Rep\u00fablica, puesto que, el otro camino que queda es el que estamos transitando, el derramamiento de sangre, muchas p\u00e9rdidas de vida humanas, que se registran diariamente en la mayor parte de la naci\u00f3n.<\/p>\n","protected":false},"excerpt":{"rendered":"<p>El reciente asesinato de los misioneros jesuitas Javier Campos y Joaqu\u00edn Mora, en las puertas, precisamente, de la iglesia de Cerocahui, ubicada en la regi\u00f3n de la sierra Tarahumara, confirma, una vez, que la pol\u00edtica gubernamental de combate en contra de la delincuencia organizada ha fracasado y que, por lo tanto, se necesita una revisi\u00f3n profunda, si de verdad se pretende ir al fondo de este grave problema de car\u00e1cter nacional.<\/p>\n","protected":false},"author":1,"featured_media":4183,"comment_status":"open","ping_status":"open","sticky":false,"template":"","format":"standard","meta":{"rop_custom_images_group":[],"rop_custom_messages_group":[],"rop_publish_now":"initial","rop_publish_now_accounts":[],"rop_publish_now_history":[],"rop_publish_now_status":"pending","_exactmetrics_skip_tracking":false,"_exactmetrics_sitenote_active":false,"_exactmetrics_sitenote_note":"","_exactmetrics_sitenote_category":0,"footnotes":""},"categories":[5],"tags":[767,1291,480,1289,778,125,1290],"class_list":["post-4182","post","type-post","status-publish","format-standard","has-post-thumbnail","hentry","category-elmachete","tag-4t","tag-asesinatos","tag-capitalismo","tag-crimen-organizado","tag-guardia-nacional","tag-mexico","tag-narcotrafico"],"wppr_data":{"cwp_meta_box_check":"No"},"_links":{"self":[{"href":"https:\/\/elmachete.mx\/index.php\/wp-json\/wp\/v2\/posts\/4182","targetHints":{"allow":["GET"]}}],"collection":[{"href":"https:\/\/elmachete.mx\/index.php\/wp-json\/wp\/v2\/posts"}],"about":[{"href":"https:\/\/elmachete.mx\/index.php\/wp-json\/wp\/v2\/types\/post"}],"author":[{"embeddable":true,"href":"https:\/\/elmachete.mx\/index.php\/wp-json\/wp\/v2\/users\/1"}],"replies":[{"embeddable":true,"href":"https:\/\/elmachete.mx\/index.php\/wp-json\/wp\/v2\/comments?post=4182"}],"version-history":[{"count":1,"href":"https:\/\/elmachete.mx\/index.php\/wp-json\/wp\/v2\/posts\/4182\/revisions"}],"predecessor-version":[{"id":4184,"href":"https:\/\/elmachete.mx\/index.php\/wp-json\/wp\/v2\/posts\/4182\/revisions\/4184"}],"wp:featuredmedia":[{"embeddable":true,"href":"https:\/\/elmachete.mx\/index.php\/wp-json\/wp\/v2\/media\/4183"}],"wp:attachment":[{"href":"https:\/\/elmachete.mx\/index.php\/wp-json\/wp\/v2\/media?parent=4182"}],"wp:term":[{"taxonomy":"category","embeddable":true,"href":"https:\/\/elmachete.mx\/index.php\/wp-json\/wp\/v2\/categories?post=4182"},{"taxonomy":"post_tag","embeddable":true,"href":"https:\/\/elmachete.mx\/index.php\/wp-json\/wp\/v2\/tags?post=4182"}],"curies":[{"name":"wp","href":"https:\/\/api.w.org\/{rel}","templated":true}]}}