{"id":4269,"date":"2022-08-08T08:00:54","date_gmt":"2022-08-08T13:00:54","guid":{"rendered":"https:\/\/elmachete.mx\/?p=4269"},"modified":"2022-08-08T08:30:20","modified_gmt":"2022-08-08T13:30:20","slug":"la-otan-es-una-organizacion-militar-y-politica-mundial-iii","status":"publish","type":"post","link":"https:\/\/elmachete.mx\/index.php\/2022\/08\/08\/la-otan-es-una-organizacion-militar-y-politica-mundial-iii\/","title":{"rendered":"La OTAN es una Organizaci\u00f3n Militar y pol\u00edtica Mundial, III"},"content":{"rendered":"<p>&nbsp;<\/p>\n<p>&nbsp;<\/p>\n<p style=\"text-align: right;\"><img loading=\"lazy\" decoding=\"async\" class=\"wp-image-4270 aligncenter\" src=\"https:\/\/elmachete.mx\/wp-content\/uploads\/2022\/08\/OTAN-300x189.jpg\" alt=\"\" width=\"360\" height=\"227\" srcset=\"https:\/\/elmachete.mx\/wp-content\/uploads\/2022\/08\/OTAN-300x189.jpg 300w, https:\/\/elmachete.mx\/wp-content\/uploads\/2022\/08\/OTAN-640x404.jpg 640w, https:\/\/elmachete.mx\/wp-content\/uploads\/2022\/08\/OTAN-50x32.jpg 50w, https:\/\/elmachete.mx\/wp-content\/uploads\/2022\/08\/OTAN-600x378.jpg 600w, https:\/\/elmachete.mx\/wp-content\/uploads\/2022\/08\/OTAN.jpg 650w\" sizes=\"auto, (max-width: 360px) 100vw, 360px\" \/><\/p>\n<p>&nbsp;<\/p>\n<p style=\"text-align: right;\">Por: <em>H\u00e9ctor Ram\u00edrez Cu\u00e9llar<\/em><\/p>\n<p>&nbsp;<\/p>\n<p style=\"text-align: justify;\">En la resoluci\u00f3n de la asamblea de la OTAN, realizada en forma reciente en Madrid, se precisa que el enemigo fundamental no es Rusia, sino, la Rep\u00fablica Popular China y el conjunto de pa\u00edses que son sus aliados, se encuentran sobre todo en la regi\u00f3n asi\u00e1tica, pero no \u00fanicamente en esta regi\u00f3n del mundo, sino, en otras zonas, incluyendo la zona europea en donde existen grandes inversiones de esa naci\u00f3n y se ha extendido la Ruta de la Seda, entre otros puntos, al puerto de Pireo, ubicado en Italia. De esta forma, la organizaci\u00f3n atl\u00e1ntica se expande pol\u00edtica y militarmente hasta el Mar del Sur y tambi\u00e9n en Am\u00e9rica Latina, donde el gobierno chino ha suscrito un convenio con el gobierno de Daniel Ortega, de Nicaragua, para construir un canal interoce\u00e1nico.<\/p>\n<p style=\"text-align: justify;\">La OTAN no solo es una estructura militar que se limita al territorio europeo, sino que, abarca otras zonas del mundo, como se refiere a Am\u00e9rica, en donde existe dos de sus estados miembros importantes, los Estados Unidos y Canad\u00e1, funciona una estrecha coordinaci\u00f3n log\u00edstica y de inteligencia entre los ej\u00e9rcitos de las regiones, como el Comando Estrat\u00e9gico Norte, con sede en la Uni\u00f3n Americana, con el que se vincula el ej\u00e9rcito mexicano y se ejerce una gran dominaci\u00f3n en Panam\u00e1, reconociendo la importancia y las operaciones del canal, que se considera un punto estrat\u00e9gico esencial para el comercio internacional, tambi\u00e9n con la finalidad de mantener una estrecha y permanente vigilancia y espionaje sobre las regiones de Centroam\u00e9rica y del Caribe.<\/p>\n<p style=\"text-align: justify;\">En nuestro continente, la OTAN mantiene una especial preocupaci\u00f3n debido a que los gobiernos de Cuba, Nicaragua, Venezuela, principalmente, mantiene estrechas relaciones pol\u00edticas, comerciales y tecnol\u00f3gicas con la Rep\u00fablica Popular China y con Rusia y se han ampliado y reforzado los v\u00ednculos de distinta naturaleza con Ecuador, Bolivia, Chile, Argentina, M\u00e9xico se considera dentro del \u00e1rea de influencia y de control de los Estados Unidos y ,por lo tanto, no existe la presencia de peligro alguno que amenace la seguridad global. Adem\u00e1s, forma parte del Tratado de Libre Comercio y, por lo tanto, se ubica como una naci\u00f3n que es parte del bloque pol\u00edtico y econ\u00f3mico encabezado por los Estados Unidos, aunque el gobierno de nuestro pa\u00eds, conden\u00f3, oficialmente en la ONU la invasi\u00f3n militar de Rusia a Ucrania, no se ha incluido en el conjunto de pa\u00edses que le han aplicado sanciones econ\u00f3micas.<\/p>\n<p style=\"text-align: justify;\">En el pasado reciente, la OTAN realiz\u00f3 en una serie de acciones armadas en contra de Ir\u00e1n, Siria, Libia, Afganist\u00e1n, dedicando una atenci\u00f3n preferente a esa regi\u00f3n del mundo en donde han aparecido grupos y gobiernos terroristas y se ha incrementado la presencia financiera, pol\u00edtica y militar de China, ampli\u00e1ndose en forma considerable, el \u00e1mbito y el concepto b\u00e1sico de la organizaci\u00f3n que se circunscrib\u00eda a la regi\u00f3n europea a uno m\u00e1s grande e importante, la regi\u00f3n eurasi\u00e1tica, tambi\u00e9n con la finalidad de competir con la pol\u00edtica exterior de Rusia que abarca cada vez m\u00e1s esas regiones en el terreno econ\u00f3mico y pol\u00edtico.<\/p>\n<p style=\"text-align: justify;\">En el periodo de William Trump, el gobierno de los Estados Unidos mantuvo una actitud de alejamiento respecto de las necesidades que ten\u00eda la Organizaci\u00f3n, que se hab\u00eda transformado en una entidad burocr\u00e1tica y obsoleta, pero despu\u00e9s, en la administraci\u00f3n de Biden, esta situaci\u00f3n cambi\u00f3 de una manera radical, ya que se oblig\u00f3 a que todos los pa\u00edses miembros que elevaran su gasto armamentista, adquieran equipos y armas modernas y contribuyeran con m\u00e1s recursos al sostenimiento financiero de sus contingentes e instalaciones.<\/p>\n<p style=\"text-align: justify;\">La invasi\u00f3n de Ucrania estimul\u00f3 y fortaleci\u00f3 esta nueva tendencia de renovaci\u00f3n, equipamiento y fortalecimiento e hizo notar que en realidad la lucha actual no se limitaba a la zona exclusivamente europea, sino que comprend\u00eda otras regiones del planeta y de que en realidad al hablar de Rusia se estaban refiriendo a su alianza con China y de que se trataba de una nueva creaci\u00f3n de bloques regionales en donde se estaban revisando, en la teor\u00eda y en la pr\u00e1ctica, el conjunto de concepciones y de valores que prevalecieron durante la etapa de la guerra fr\u00eda y que superaron las proyecciones a que hab\u00edan llegado las potencias capitalistas despu\u00e9s de la ca\u00edda de la Uni\u00f3n Sovi\u00e9tica, rompiendo as\u00ed la promesa hecha ante Mijail Gorbachov, de que la OTAN no avanzar\u00eda hacia los pa\u00edses y territorios en donde se hab\u00eda edificado el sistema socialista, pues en un breve lapso de tiempo incorporaron oficialmente a la organizaci\u00f3n a los pa\u00edses b\u00e1lticos y balc\u00e1nicos.<\/p>\n<p>&nbsp;<\/p>\n","protected":false},"excerpt":{"rendered":"<p>En la resoluci\u00f3n de la asamblea de la OTAN, realizada en forma reciente en Madrid, se precisa que el enemigo fundamental no es Rusia, sino, la Rep\u00fablica Popular China y el conjunto de pa\u00edses que son sus aliados, se encuentran sobre todo en la regi\u00f3n asi\u00e1tica, pero no \u00fanicamente en esta regi\u00f3n del mundo, sino, en otras zonas, incluyendo la zona europea en donde existen grandes inversiones de esa naci\u00f3n.. <\/p>\n","protected":false},"author":1,"featured_media":4270,"comment_status":"open","ping_status":"open","sticky":false,"template":"","format":"standard","meta":{"rop_custom_images_group":[],"rop_custom_messages_group":[],"rop_publish_now":"initial","rop_publish_now_accounts":[],"rop_publish_now_history":[],"rop_publish_now_status":"pending","_exactmetrics_skip_tracking":false,"_exactmetrics_sitenote_active":false,"_exactmetrics_sitenote_note":"","_exactmetrics_sitenote_category":0,"footnotes":""},"categories":[16],"tags":[480,244,210,1335,218,216],"class_list":["post-4269","post","type-post","status-publish","format-standard","has-post-thumbnail","hentry","category-politica-1","tag-capitalismo","tag-china","tag-imperialismo","tag-militarismo","tag-otan","tag-rusia"],"wppr_data":{"cwp_meta_box_check":"No"},"_links":{"self":[{"href":"https:\/\/elmachete.mx\/index.php\/wp-json\/wp\/v2\/posts\/4269","targetHints":{"allow":["GET"]}}],"collection":[{"href":"https:\/\/elmachete.mx\/index.php\/wp-json\/wp\/v2\/posts"}],"about":[{"href":"https:\/\/elmachete.mx\/index.php\/wp-json\/wp\/v2\/types\/post"}],"author":[{"embeddable":true,"href":"https:\/\/elmachete.mx\/index.php\/wp-json\/wp\/v2\/users\/1"}],"replies":[{"embeddable":true,"href":"https:\/\/elmachete.mx\/index.php\/wp-json\/wp\/v2\/comments?post=4269"}],"version-history":[{"count":1,"href":"https:\/\/elmachete.mx\/index.php\/wp-json\/wp\/v2\/posts\/4269\/revisions"}],"predecessor-version":[{"id":4271,"href":"https:\/\/elmachete.mx\/index.php\/wp-json\/wp\/v2\/posts\/4269\/revisions\/4271"}],"wp:featuredmedia":[{"embeddable":true,"href":"https:\/\/elmachete.mx\/index.php\/wp-json\/wp\/v2\/media\/4270"}],"wp:attachment":[{"href":"https:\/\/elmachete.mx\/index.php\/wp-json\/wp\/v2\/media?parent=4269"}],"wp:term":[{"taxonomy":"category","embeddable":true,"href":"https:\/\/elmachete.mx\/index.php\/wp-json\/wp\/v2\/categories?post=4269"},{"taxonomy":"post_tag","embeddable":true,"href":"https:\/\/elmachete.mx\/index.php\/wp-json\/wp\/v2\/tags?post=4269"}],"curies":[{"name":"wp","href":"https:\/\/api.w.org\/{rel}","templated":true}]}}