{"id":4978,"date":"2023-03-24T02:50:19","date_gmt":"2023-03-24T07:50:19","guid":{"rendered":"https:\/\/elmachete.mx\/?p=4978"},"modified":"2023-03-24T02:50:19","modified_gmt":"2023-03-24T07:50:19","slug":"represion-y-detencion-a-manifestantes-por-el-agua-de-yucatan","status":"publish","type":"post","link":"https:\/\/elmachete.mx\/index.php\/2023\/03\/24\/represion-y-detencion-a-manifestantes-por-el-agua-de-yucatan\/","title":{"rendered":"Represi\u00f3n y detenci\u00f3n a manifestantes por el agua de Yucat\u00e1n"},"content":{"rendered":"<p><strong>Samuel Pech<\/strong><\/p>\n<p>El mi\u00e9rcoles 22 de marzo de 2023 se llev\u00f3 a cabo en el centro de la capital yucateca, una marcha convocada por diversas agrupaciones, en la que la comunidad particip\u00f3 compartiendo un mismo fin: denunciar p\u00fablicamente el gran da\u00f1o ambiental ocasionado por la megagranja porc\u00edcola de \u201cKek\u00e9n\u201d en solidaridad con las y los pobladores de Sitilpech, quienes han sufrido los perjuicios ocasionados por la empresa situada en esa zona, perjuicios no solo ambientales y de salud, sino tambi\u00e9n de criminalizaci\u00f3n por defender su tierra, tras la reciente vinculaci\u00f3n a proceso penal iniciado por el Gobierno del Estado de Yucat\u00e1n, en contra de ocho de las personas defensoras de Sitilpech.<\/p>\n<p>En este contexto, las y los manifestantes marcharon desde el parque de Santa Ana hasta llegar a un mitin en frente del Palacio de Gobierno, levantando pancartas y consignas como \u201c\u00a1Fuerza Sitilpech!\u201d \u201c\u00a1Fuera Kek\u00e9n!\u201d \u201c\u00a1Agua s\u00ed, cerdos no! \u201c\u00a1El agua no se vende, se cuida y se defiende!\u201d entre otras, as\u00ed como la participaci\u00f3n de varias personas, quienes expusieron sus posturas, a trav\u00e9s de m\u00fasica, discursos y manifiestos.<\/p>\n<p>Terminando la marcha cada uno part\u00eda a su destino, procuramos retirarnos en grupos y estar siempre comunicados, y\u00e9ndonos con ese buen sabor de boca tras habernos expresado libremente y m\u00e1s a\u00fan por una causa justa que nos compete y nos une a todos.<\/p>\n<p>Todo aparentaba estar bien, cuando de repente algunos recibimos una alerta, de que estaban levantando a unas compa\u00f1eras y compa\u00f1eros que marcharon con nosotros. Que unos hombres les subieron a unos carros particulares y se fueron. Guardar la calma tras recibir una noticia as\u00ed es muy dif\u00edcil. R\u00e1pidamente se difundieron videos de personas que presenciaron el lamentable suceso, haciendo notar la brutalidad con la que esos sujetos somet\u00edan y raptaban a las personas manifestantes. En los videos podemos percibir los gritos de desesperaci\u00f3n, la paralizaci\u00f3n por el estado de shock de las personas que viv\u00edan ese momento, algunos tratando de ayudar, pero ya era tarde, los presuntos polic\u00edas, sin identificarse, golpeaban entre dos o m\u00e1s personas a cada manifestante. Dos lograron escapar con la ayuda de algunos individuos, pero a otros dos s\u00ed se los llevaron por la fuerza y sin un destino claro, el horror atemoriz\u00f3 a la ciudad y se alert\u00f3 a la comunidad por redes sociales y al poco tiempo tambi\u00e9n nos enteramos que unos polic\u00edas hab\u00edan agarrado a dos m\u00e1s tras realizar un operativo, como si de una cacer\u00eda se tratase.<\/p>\n<p>Analizando algunos videos nos dimos cuenta de que hab\u00eda polic\u00edas infiltrados durante la manifestaci\u00f3n, tomando fotos y grabando para poder recibir \u00f3rdenes de captura contra quienes se les haya indicado. \u00bfNo es esto inveros\u00edmil? Que la ciudad que se jacta de su seguridad p\u00fablica, \u00bfAct\u00fae con tanta sinverg\u00fcencer\u00eda y golpee cruelmente a unos j\u00f3venes que luchan y usan sus medios de expresi\u00f3n para defender el agua, la tierra y al pueblo?<\/p>\n<p>Desde luego que es inaceptable el proceder de las autoridades, pero tambi\u00e9n es cierto que dichos agentes encubiertos, no act\u00faan por cuenta propia y personal, sino todo lo contrario, sin quitarles peso a sus acciones, estas personas son enviadas para cumplir uno de los trabajos represivos que todo estado capitalista y protector de los intereses empresariales para descoyuntar a las movilizaciones sociales y populares, que, contrarios a los intereses de los capitalistas del gobierno y las empresas, representan una amenaza.<\/p>\n<p>El capitalismo funciona de tal manera que, si no es el poder obrero quien gu\u00ede la econom\u00eda, la burgues\u00eda colocar\u00e1 a los t\u00edteres perfectos en el poder pol\u00edtico, as\u00ed provengan de los partidos m\u00e1s \u201cconservadores\u201d como se les dice, o lo m\u00e1s \u201cprogresistas\u201d, de izquierda o derecha, el empresariado velar\u00e1 por sus intereses y el pueblo seguir\u00e1 padeciendo de las mismas afectaciones, porque a ellos no les importamos, ellos siguen exportando mercanc\u00edas al continente asi\u00e1tico y percibiendo ganancias exorbitantes, todo a costa de la salud de la poblaci\u00f3n local, de los empleos mal pagados en sus industrias, de la contaminaci\u00f3n de los cenotes y el aire. No se van a tentar el coraz\u00f3n, sus ganancias son primero, \u00e9se es el rol del burgu\u00e9s, due\u00f1o de la industria monopolista y explotadora, protegida por el Estado burgu\u00e9s, estatal o federal.<\/p>\n<p>Pero la clase trabajadora somos m\u00e1s, el pueblo que se levanta a trabajar por un sueldo que apenas le alcanza sus necesidades b\u00e1sicas, que vive la explotaci\u00f3n; las y los j\u00f3venes que estudian por un mejor futuro; las y los campesinos que velan por su siembra y cosecha; el obrero y la obrera que a\u00fan estando despose\u00edda de todo, usa su fuerza de trabajo para llevar pan a la mesa; la masa asalariada que muchas veces, con todo y profesi\u00f3n no cuenta con un trabajo seguro ni con prestaciones de ley; las y los manifestantes que alzan la voz para defender la tierra ante el sistema capitalista que arrasa con todo, el sistema capitalista que da\u00f1ar\u00e1 por igual a la familia del obrero, como a la familia del polic\u00eda represor.<\/p>\n<p>Solo nos queda poner de relieve la necesidad de erradicar este sistema capitalista en decadencia y reemplazarlo por uno donde no se nos reprima por exigir lo justo, es m\u00e1s, donde ni siquiera tengamos la necesidad de marchar para exigir nuestros derechos fundamentales, como el derecho al agua y aire limpios, un medio ambiente que no se ponga en riesgo por los intereses inmediatos y econ\u00f3micos de la clase burguesa.<\/p>\n<p>Exigimos que liberen a las personas detenidas, que regresen sanas y salvas; exigimos que cese la represi\u00f3n. Avancemos hacia adelante y que nada ni nadie pueda intimidar al pueblo unido.<\/p>\n<p><img loading=\"lazy\" decoding=\"async\" class=\"alignnone size-medium wp-image-4979\" src=\"https:\/\/elmachete.mx\/wp-content\/uploads\/2023\/03\/NUEVA-MEDIDA-2023-03-22T234708.750-300x169.webp\" alt=\"\" width=\"300\" height=\"169\" srcset=\"https:\/\/elmachete.mx\/wp-content\/uploads\/2023\/03\/NUEVA-MEDIDA-2023-03-22T234708.750-300x169.webp 300w, https:\/\/elmachete.mx\/wp-content\/uploads\/2023\/03\/NUEVA-MEDIDA-2023-03-22T234708.750-1024x576.webp 1024w, https:\/\/elmachete.mx\/wp-content\/uploads\/2023\/03\/NUEVA-MEDIDA-2023-03-22T234708.750-768x432.webp 768w, https:\/\/elmachete.mx\/wp-content\/uploads\/2023\/03\/NUEVA-MEDIDA-2023-03-22T234708.750-640x360.webp 640w, https:\/\/elmachete.mx\/wp-content\/uploads\/2023\/03\/NUEVA-MEDIDA-2023-03-22T234708.750-50x28.webp 50w, https:\/\/elmachete.mx\/wp-content\/uploads\/2023\/03\/NUEVA-MEDIDA-2023-03-22T234708.750-600x338.webp 600w, https:\/\/elmachete.mx\/wp-content\/uploads\/2023\/03\/NUEVA-MEDIDA-2023-03-22T234708.750.webp 1280w\" sizes=\"auto, (max-width: 300px) 100vw, 300px\" \/><\/p>\n","protected":false},"excerpt":{"rendered":"<p>Samuel Pech El mi\u00e9rcoles 22 de marzo de 2023 se llev\u00f3 a cabo en el centro de la capital yucateca, una marcha convocada por diversas agrupaciones, en la que la comunidad particip\u00f3 compartiendo un mismo fin: denunciar p\u00fablicamente el gran da\u00f1o ambiental ocasionado por la<\/p>\n","protected":false},"author":2,"featured_media":4979,"comment_status":"open","ping_status":"open","sticky":false,"template":"","format":"standard","meta":{"rop_custom_images_group":[],"rop_custom_messages_group":[],"rop_publish_now":"initial","rop_publish_now_accounts":[],"rop_publish_now_history":[],"rop_publish_now_status":"pending","_exactmetrics_skip_tracking":false,"_exactmetrics_sitenote_active":false,"_exactmetrics_sitenote_note":"","_exactmetrics_sitenote_category":0,"footnotes":""},"categories":[728,16],"tags":[849,1543,976,508],"class_list":["post-4978","post","type-post","status-publish","format-standard","has-post-thumbnail","hentry","category-politica","category-politica-1","tag-agua","tag-lucha-por-el-agua","tag-merida-yucatan","tag-represion"],"wppr_data":{"cwp_meta_box_check":"No"},"_links":{"self":[{"href":"https:\/\/elmachete.mx\/index.php\/wp-json\/wp\/v2\/posts\/4978","targetHints":{"allow":["GET"]}}],"collection":[{"href":"https:\/\/elmachete.mx\/index.php\/wp-json\/wp\/v2\/posts"}],"about":[{"href":"https:\/\/elmachete.mx\/index.php\/wp-json\/wp\/v2\/types\/post"}],"author":[{"embeddable":true,"href":"https:\/\/elmachete.mx\/index.php\/wp-json\/wp\/v2\/users\/2"}],"replies":[{"embeddable":true,"href":"https:\/\/elmachete.mx\/index.php\/wp-json\/wp\/v2\/comments?post=4978"}],"version-history":[{"count":1,"href":"https:\/\/elmachete.mx\/index.php\/wp-json\/wp\/v2\/posts\/4978\/revisions"}],"predecessor-version":[{"id":4980,"href":"https:\/\/elmachete.mx\/index.php\/wp-json\/wp\/v2\/posts\/4978\/revisions\/4980"}],"wp:featuredmedia":[{"embeddable":true,"href":"https:\/\/elmachete.mx\/index.php\/wp-json\/wp\/v2\/media\/4979"}],"wp:attachment":[{"href":"https:\/\/elmachete.mx\/index.php\/wp-json\/wp\/v2\/media?parent=4978"}],"wp:term":[{"taxonomy":"category","embeddable":true,"href":"https:\/\/elmachete.mx\/index.php\/wp-json\/wp\/v2\/categories?post=4978"},{"taxonomy":"post_tag","embeddable":true,"href":"https:\/\/elmachete.mx\/index.php\/wp-json\/wp\/v2\/tags?post=4978"}],"curies":[{"name":"wp","href":"https:\/\/api.w.org\/{rel}","templated":true}]}}