{"id":5075,"date":"2023-04-24T11:43:03","date_gmt":"2023-04-24T16:43:03","guid":{"rendered":"https:\/\/elmachete.mx\/?p=5075"},"modified":"2023-04-24T11:43:03","modified_gmt":"2023-04-24T16:43:03","slug":"sumate-al-primero-de-mayo-rojo-en-saltillo-coahuila","status":"publish","type":"post","link":"https:\/\/elmachete.mx\/index.php\/2023\/04\/24\/sumate-al-primero-de-mayo-rojo-en-saltillo-coahuila\/","title":{"rendered":"S\u00daMATE AL PRIMERO DE MAYO ROJO EN SALTILLO, COAHUILA"},"content":{"rendered":"<p>Los charros son l\u00edderes vendidos al servicio de los patrones para controlar, reprimir y someter a los trabajadores, desde la CTM, CIT, CROC, CATEM. Lideres que deben ser destituidos\u00a0 por representantes de\u00a0 Base.<\/p>\n<p>Si legitiman contrato con pr\u00e1cticas charriles, esclavizan al sindicato a ese triangulo amoroso,- charro, gobierno y patr\u00f3n-\u00a0 y si los charros no lo Legitiman, la burgues\u00eda y su Estado administrador nos llevan a la extinci\u00f3n de los CCT, y a\u00a0 la atomizaci\u00f3n, desarticulaci\u00f3n y desaparici\u00f3n del\u00a0 sindicato, en mayo vence el plazo.<br \/>\nLa burgues\u00eda con todos sus monopolios y sus gobiernos del color, fachada o caricatura que representen\u00a0 nos llevan a reforzar la esclavitud asalariada, con la guerra imperialista, crisis econ\u00f3mica, con salarios precarios, a desaparecer los CCT y a dar el tiro de gracia a nuestros sindicatos charros, neocharros y los verdaderos independientes que est\u00e1n hoy en la cruenta batalla.<\/p>\n<p>Que vamos a Hacer los comunistas y dem\u00e1s proletarios a partir del primero de Mayo, de este parteaguas de la lucha clase contra clase:<\/p>\n<ul>\n<li>Tomar partido con el PCM, para luchar por nuestros intereses comunes, conquistas obtenidas y nuestra completa emancipaci\u00f3n.<\/li>\n<li>Reforzar y consolidar la unidad de clase, fundiendo la lucha econ\u00f3mica y la lucha por la revoluci\u00f3n.<\/li>\n<li>Defender el\u00a0 CCT, rechazando su aceptaci\u00f3n en el proceso de Legitimaci\u00f3n y luchando por\u00a0 Nuevo Contrato Colectivo con mejores salarios y prestaciones y destituci\u00f3n de l\u00edderes sindicales que no la realicen de acuerdo a la ley.<\/li>\n<li>Si los charros no realizan el proceso de legitimaci\u00f3n, exigir su desconocimiento, elecci\u00f3n de nuevos l\u00edderes y nuevo contrato Colectivo de trabajo.<\/li>\n<li>Enfrentemos la precarizaci\u00f3n y esclavitud salarial, con una verdadera fusi\u00f3n de proletarios y comunistas por la revoluci\u00f3n comunista-socialista, \u00fanica transformaci\u00f3n profunda del sistema social. Las reformas y progresismo son parte del capitalismo \u00a0est\u00e1 dispuesto\u00a0 a ya no mantener a sus esclavos.<\/li>\n<li>Por un sindicalismo valiente y vigoroso.<\/li>\n<li><strong>Integra c\u00edrculos de estudio de El Machete y preparemos las luchas venideras<\/strong><\/li>\n<li><strong>INTEGRATE AL\u00a0\u00a0 PRIMERO ME MAYO ROJO <\/strong><\/li>\n<\/ul>\n<p>\u00a1CONTRA LA GUERRA IMPERIALISTA\u00a0 DE LOS MONOPOLIOS, LA CRISIS ECONOMICA Y EL HAMBRE, POR EL SOCIALISMO-COMUNISMO!<\/p>\n<p>\u00a1POR UN SINDICALISMO CLASISTA, UNITARIO, INDEPENDIENTE, DEMOCRATICO Y EMANCIPADOR!<strong><br \/>\n<\/strong>\u00a0Te esperamos<strong>: lunes 1\u00b0 de \u00a0\u00a0mayo11am, Plaza 1ero de Mayo,<\/strong>\u00a0\u00a0 Arteaga y Castelar.<\/p>\n<p>Contacto: Miguel Castro Serrano 528443448541<\/p>\n<p>&nbsp;<\/p>\n<p><img loading=\"lazy\" decoding=\"async\" class=\"alignnone size-medium wp-image-632\" src=\"https:\/\/elmachete.mx\/wp-content\/uploads\/2016\/08\/PCM...-300x300.jpg\" alt=\"\" width=\"300\" height=\"300\" srcset=\"https:\/\/elmachete.mx\/wp-content\/uploads\/2016\/08\/PCM...-300x300.jpg 300w, https:\/\/elmachete.mx\/wp-content\/uploads\/2016\/08\/PCM...-150x150.jpg 150w, https:\/\/elmachete.mx\/wp-content\/uploads\/2016\/08\/PCM...-144x144.jpg 144w, https:\/\/elmachete.mx\/wp-content\/uploads\/2016\/08\/PCM...-50x50.jpg 50w, https:\/\/elmachete.mx\/wp-content\/uploads\/2016\/08\/PCM....jpg 512w\" sizes=\"auto, (max-width: 300px) 100vw, 300px\" \/><\/p>\n","protected":false},"excerpt":{"rendered":"<p>Los charros son l\u00edderes vendidos al servicio de los patrones para controlar, reprimir y someter a los trabajadores, desde la CTM, CIT, CROC, CATEM. Lideres que deben ser destituidos\u00a0 por representantes de\u00a0 Base. Si legitiman contrato con pr\u00e1cticas charriles, esclavizan al sindicato a ese triangulo<\/p>\n","protected":false},"author":2,"featured_media":5042,"comment_status":"open","ping_status":"open","sticky":false,"template":"","format":"standard","meta":{"rop_custom_images_group":[],"rop_custom_messages_group":[],"rop_publish_now":"initial","rop_publish_now_accounts":[],"rop_publish_now_history":[],"rop_publish_now_status":"pending","_exactmetrics_skip_tracking":false,"_exactmetrics_sitenote_active":false,"_exactmetrics_sitenote_note":"","_exactmetrics_sitenote_category":0,"footnotes":""},"categories":[16],"tags":[200,143,555],"class_list":["post-5075","post","type-post","status-publish","format-standard","has-post-thumbnail","hentry","category-politica-1","tag-1-de-mayo","tag-pcm","tag-primero-de-mayo"],"wppr_data":{"cwp_meta_box_check":"No"},"_links":{"self":[{"href":"https:\/\/elmachete.mx\/index.php\/wp-json\/wp\/v2\/posts\/5075","targetHints":{"allow":["GET"]}}],"collection":[{"href":"https:\/\/elmachete.mx\/index.php\/wp-json\/wp\/v2\/posts"}],"about":[{"href":"https:\/\/elmachete.mx\/index.php\/wp-json\/wp\/v2\/types\/post"}],"author":[{"embeddable":true,"href":"https:\/\/elmachete.mx\/index.php\/wp-json\/wp\/v2\/users\/2"}],"replies":[{"embeddable":true,"href":"https:\/\/elmachete.mx\/index.php\/wp-json\/wp\/v2\/comments?post=5075"}],"version-history":[{"count":1,"href":"https:\/\/elmachete.mx\/index.php\/wp-json\/wp\/v2\/posts\/5075\/revisions"}],"predecessor-version":[{"id":5076,"href":"https:\/\/elmachete.mx\/index.php\/wp-json\/wp\/v2\/posts\/5075\/revisions\/5076"}],"wp:featuredmedia":[{"embeddable":true,"href":"https:\/\/elmachete.mx\/index.php\/wp-json\/wp\/v2\/media\/5042"}],"wp:attachment":[{"href":"https:\/\/elmachete.mx\/index.php\/wp-json\/wp\/v2\/media?parent=5075"}],"wp:term":[{"taxonomy":"category","embeddable":true,"href":"https:\/\/elmachete.mx\/index.php\/wp-json\/wp\/v2\/categories?post=5075"},{"taxonomy":"post_tag","embeddable":true,"href":"https:\/\/elmachete.mx\/index.php\/wp-json\/wp\/v2\/tags?post=5075"}],"curies":[{"name":"wp","href":"https:\/\/api.w.org\/{rel}","templated":true}]}}