{"id":5136,"date":"2023-05-16T20:30:40","date_gmt":"2023-05-17T01:30:40","guid":{"rendered":"https:\/\/elmachete.mx\/?p=5136"},"modified":"2023-05-16T20:30:40","modified_gmt":"2023-05-17T01:30:40","slug":"15-de-mayo-dia-del-maestro","status":"publish","type":"post","link":"https:\/\/elmachete.mx\/index.php\/2023\/05\/16\/15-de-mayo-dia-del-maestro\/","title":{"rendered":"15 de mayo. D\u00eda del maestro"},"content":{"rendered":"<p>&nbsp;<\/p>\n<p><img loading=\"lazy\" decoding=\"async\" class=\" wp-image-5137 aligncenter\" src=\"https:\/\/elmachete.mx\/wp-content\/uploads\/2023\/05\/WhatsApp-Image-2023-05-15-at-12.12.38-PM-300x204.jpeg\" alt=\"\" width=\"357\" height=\"243\" srcset=\"https:\/\/elmachete.mx\/wp-content\/uploads\/2023\/05\/WhatsApp-Image-2023-05-15-at-12.12.38-PM-300x204.jpeg 300w, https:\/\/elmachete.mx\/wp-content\/uploads\/2023\/05\/WhatsApp-Image-2023-05-15-at-12.12.38-PM-1024x697.jpeg 1024w, https:\/\/elmachete.mx\/wp-content\/uploads\/2023\/05\/WhatsApp-Image-2023-05-15-at-12.12.38-PM-768x523.jpeg 768w, https:\/\/elmachete.mx\/wp-content\/uploads\/2023\/05\/WhatsApp-Image-2023-05-15-at-12.12.38-PM-640x436.jpeg 640w, https:\/\/elmachete.mx\/wp-content\/uploads\/2023\/05\/WhatsApp-Image-2023-05-15-at-12.12.38-PM-50x34.jpeg 50w, https:\/\/elmachete.mx\/wp-content\/uploads\/2023\/05\/WhatsApp-Image-2023-05-15-at-12.12.38-PM-600x408.jpeg 600w, https:\/\/elmachete.mx\/wp-content\/uploads\/2023\/05\/WhatsApp-Image-2023-05-15-at-12.12.38-PM.jpeg 1280w\" sizes=\"auto, (max-width: 357px) 100vw, 357px\" \/><\/p>\n<p><strong>\u00a0<\/strong><\/p>\n<p style=\"text-align: right;\">Por: Lorena Rossel<\/p>\n<p>&nbsp;<\/p>\n<p style=\"text-align: justify;\">Como cada a\u00f1o seguimos esperando la revalorizaci\u00f3n docente que nos fue arrebatada en el sexenio pasado y que a pesar de las promesas de la llamada Cuarta Transformaci\u00f3n a\u00fan no se recupera, ya que no queremos palmaditas en el hombro sino un salario digno que cubra todas nuestras necesidades.<\/p>\n<p>Seguimos esperando que se cumplan las promesas de campa\u00f1a de que no quedar\u00eda ni un punto ni una coma de la reforma educativa de Pe\u00f1a Nieto y sus leyes secundarias y actualmente el USICAMM violenta m\u00e1s los derechos de los trabajadores por su falta de objetividad y transparencia y por exonerar al gobierno de la responsabilidad de otorgar un salario justo a todos los maestros, ya que ejercemos la misma funci\u00f3n de ense\u00f1ar. Seguimos esperando que respeten nuestra jornada laboral y nuestros periodos de receso vacacional que han ido incrementando gradualmente, as\u00ed como que nos provean de los recursos necesarios para llevar a cabo nuestra funci\u00f3n.<\/p>\n<p style=\"text-align: justify;\">Tal vez el problema principal es que seguimos esperando que el Estado sea justo y valore nuestro trabajo. Basta de seguir esperando. Es tiempo de estar unidos como trabajadores y organizarnos para exigir un pago justo, exigir mayores recursos para para la educaci\u00f3n y as\u00ed tener la calidad que tanto se nos exige, exigir el cumplimiento de las promesas de la abrogaci\u00f3n de la ley de educaci\u00f3n y de USICAMM.<\/p>\n<p><span style=\"color: #ff0000;\"><em><strong>Te puede interesar: &#8220;<\/strong><\/em><\/span><span style=\"color: #ff0000;\"><em><strong><a style=\"color: #ff0000;\" href=\"https:\/\/elmachete.mx\/index.php\/2023\/05\/09\/primero-de-mayo-en-bc-contra-la-explotacion-la-lucha-es-por-el-poder-obrero\/\" rel=\"bookmark\">Primero de Mayo en BC; Contra la explotaci\u00f3n. La lucha es por el Poder Obrero<\/a>&#8220;<\/strong><\/em><\/span><\/p>\n<p style=\"text-align: justify;\">Exigimos que la seguridad social sea fortalecida, con pensiones dignas, servicios m\u00e9dicos de alta calidad y facilidad para obtener cr\u00e9ditos hipotecarios accesibles para el trabajador. Necesitamos unirnos para rechazar la UMA, las cuentas individuales o AFORE y recuperar nuestro sindicato con una democratizaci\u00f3n real y no con la farsa electoral que instaura los mismos charros lacayos del gobierno en contra de nuestros derechos.<\/p>\n<p style=\"text-align: justify;\">A nivel, estatal exigir la abrogaci\u00f3n de la ley del ISSTEY que violenta severamente los derechos adquiridos violando la Constituci\u00f3n por no respetar el art\u00edculo 14 de no retroactividad y estableciendo un salario regulador totalmente perverso que disminuye al 50% lo que recibiremos cuando nos retiremos.<\/p>\n<p>Los maestros que luchan tambi\u00e9n estamos ense\u00f1ando. Basta de esperar.<\/p>\n","protected":false},"excerpt":{"rendered":"<p>Como cada a\u00f1o seguimos esperando la revalorizaci\u00f3n docente que nos fue arrebatada en el sexenio pasado y que a pesar de las promesas de la llamada Cuarta Transformaci\u00f3n a\u00fan no se recupera, ya que no queremos palmaditas en el hombro sino un salario digno que cubra todas nuestras necesidades<\/p>\n","protected":false},"author":1,"featured_media":5137,"comment_status":"open","ping_status":"open","sticky":false,"template":"","format":"standard","meta":{"rop_custom_images_group":[],"rop_custom_messages_group":[],"rop_publish_now":"initial","rop_publish_now_accounts":[],"rop_publish_now_history":[],"rop_publish_now_status":"pending","_exactmetrics_skip_tracking":false,"_exactmetrics_sitenote_active":false,"_exactmetrics_sitenote_note":"","_exactmetrics_sitenote_category":0,"footnotes":""},"categories":[5,729,16],"tags":[1577,1578,900,744],"class_list":["post-5136","post","type-post","status-publish","format-standard","has-post-thumbnail","hentry","category-elmachete","category-obrero-sindical","category-politica-1","tag-dia-de-maestro","tag-lucha-magisterial","tag-magisterio","tag-yucatan"],"wppr_data":{"cwp_meta_box_check":"No"},"_links":{"self":[{"href":"https:\/\/elmachete.mx\/index.php\/wp-json\/wp\/v2\/posts\/5136","targetHints":{"allow":["GET"]}}],"collection":[{"href":"https:\/\/elmachete.mx\/index.php\/wp-json\/wp\/v2\/posts"}],"about":[{"href":"https:\/\/elmachete.mx\/index.php\/wp-json\/wp\/v2\/types\/post"}],"author":[{"embeddable":true,"href":"https:\/\/elmachete.mx\/index.php\/wp-json\/wp\/v2\/users\/1"}],"replies":[{"embeddable":true,"href":"https:\/\/elmachete.mx\/index.php\/wp-json\/wp\/v2\/comments?post=5136"}],"version-history":[{"count":1,"href":"https:\/\/elmachete.mx\/index.php\/wp-json\/wp\/v2\/posts\/5136\/revisions"}],"predecessor-version":[{"id":5138,"href":"https:\/\/elmachete.mx\/index.php\/wp-json\/wp\/v2\/posts\/5136\/revisions\/5138"}],"wp:featuredmedia":[{"embeddable":true,"href":"https:\/\/elmachete.mx\/index.php\/wp-json\/wp\/v2\/media\/5137"}],"wp:attachment":[{"href":"https:\/\/elmachete.mx\/index.php\/wp-json\/wp\/v2\/media?parent=5136"}],"wp:term":[{"taxonomy":"category","embeddable":true,"href":"https:\/\/elmachete.mx\/index.php\/wp-json\/wp\/v2\/categories?post=5136"},{"taxonomy":"post_tag","embeddable":true,"href":"https:\/\/elmachete.mx\/index.php\/wp-json\/wp\/v2\/tags?post=5136"}],"curies":[{"name":"wp","href":"https:\/\/api.w.org\/{rel}","templated":true}]}}