{"id":5397,"date":"2023-07-24T09:17:55","date_gmt":"2023-07-24T15:17:55","guid":{"rendered":"https:\/\/elmachete.mx\/?p=5397"},"modified":"2023-07-24T09:17:55","modified_gmt":"2023-07-24T15:17:55","slug":"avelina-lesper-rebelate-consume-compra","status":"publish","type":"post","link":"https:\/\/elmachete.mx\/index.php\/2023\/07\/24\/avelina-lesper-rebelate-consume-compra\/","title":{"rendered":"Avelina L\u00e9sper: reb\u00e9late, consume, compra."},"content":{"rendered":"<p>&nbsp;<\/p>\n<p><img loading=\"lazy\" decoding=\"async\" class=\" wp-image-5398 aligncenter\" src=\"https:\/\/elmachete.mx\/wp-content\/uploads\/2023\/07\/Avelina-FLT-300x225.jpeg\" alt=\"\" width=\"349\" height=\"262\" srcset=\"https:\/\/elmachete.mx\/wp-content\/uploads\/2023\/07\/Avelina-FLT-300x225.jpeg 300w, https:\/\/elmachete.mx\/wp-content\/uploads\/2023\/07\/Avelina-FLT-1024x768.jpeg 1024w, https:\/\/elmachete.mx\/wp-content\/uploads\/2023\/07\/Avelina-FLT-768x576.jpeg 768w, https:\/\/elmachete.mx\/wp-content\/uploads\/2023\/07\/Avelina-FLT-640x480.jpeg 640w, https:\/\/elmachete.mx\/wp-content\/uploads\/2023\/07\/Avelina-FLT-50x38.jpeg 50w, https:\/\/elmachete.mx\/wp-content\/uploads\/2023\/07\/Avelina-FLT-600x450.jpeg 600w, https:\/\/elmachete.mx\/wp-content\/uploads\/2023\/07\/Avelina-FLT.jpeg 1440w\" sizes=\"auto, (max-width: 349px) 100vw, 349px\" \/><\/p>\n<p>&nbsp;<\/p>\n<p style=\"text-align: right;\">Feria del Libro Tijuana 2023<\/p>\n<p style=\"text-align: right;\">Por:<strong> Alfredo Valles<\/strong><\/p>\n<p>&nbsp;<\/p>\n<p style=\"text-align: justify;\">La Sala Federico Campbell del Centro Cultural Tijuana (Cecut) estaba saturada, con cierto bullicio. Hab\u00eda una atm\u00f3sfera de expectaci\u00f3n. En todo espect\u00e1culo \u2013\u00bfuna Feria del Libro tendr\u00eda que limitarse a esto?\u2013 el \u00e9xito del mismo depende de la colaboraci\u00f3n entre int\u00e9rprete y p\u00fablico; esa colaboraci\u00f3n puede ser de empat\u00eda o antipat\u00eda. Unos minutos despu\u00e9s de la hora de inicio se\u00f1alada, Avelina L\u00e9sper apareci\u00f3 en el escenario. Todos los elementos estaban dispuestos.<\/p>\n<p style=\"text-align: justify;\">El pu\u00f1o levantado en se\u00f1al de \u201crebeld\u00eda\u201d, una alocuci\u00f3n de pie de la que cuesta trabajo recordar alguna reflexi\u00f3n profunda que fuese m\u00e1s all\u00e1 de apelar con acierto a las emociones de los espectadores, a picar sus ilusiones o prejuicios. Estos espectadores, de una esquina o de otra, deber\u00edan tener en cuenta que lo que han presenciado no es sino una de tantas representaciones del mismo acto. Quien haya le\u00eddo hace 10 a\u00f1os a L\u00e9sper encontr\u00f3 un gabazo de lo mismo el domingo.<\/p>\n<p style=\"text-align: justify;\">Por un lado es preciso destacar algo. Durante cerca de 30 a\u00f1os la producci\u00f3n art\u00edstica que en t\u00e9rminos de identificaci\u00f3n se circunscribe a la denominaci\u00f3n de arte contempor\u00e1neo ha tenido tal volumen de capital detr\u00e1s, tal influencia y exposici\u00f3n, que sin duda estableci\u00f3 una hegemon\u00eda en el \u00e1mbito del arte. Est\u00e1 claro que este tipo de producci\u00f3n no es la \u00fanica que se realiza en M\u00e9xico y el mundo. \u00bfQu\u00e9 necesitan los damnificados de este fen\u00f3meno para hacerle frente y no sucumbir?<\/p>\n<p style=\"text-align: justify;\">Bueno, una respuesta a esto se encuentra a la vista de todos. Lo que se requiere es contar con un caballo de batalla, que mejor que una hero\u00edna en tiempos de consenso feminista. Que ejerza de justiciera moralina y desempe\u00f1e el papel del rebelde capitalista contra\u2026 el opresor capitalista. Ella dice, m\u00e1s o menos, \u201clos curadores son vendedores\u201d. Bueno, digamos que tiene parte de raz\u00f3n. Ahora, Avelina tambi\u00e9n es una vendedora, \u00bfpodemos identificar de qu\u00e9?<\/p>\n<p style=\"text-align: justify;\">Avelina parece encontrarse en la cumbre, despu\u00e9s de 10 a\u00f1os, pero eso precisamente es la confirmaci\u00f3n de sus l\u00edmites. Ella no puede ir m\u00e1s all\u00e1 de ser una variante del encantador, que estriba en apelar de nuevo al deleite y la supuesta liberaci\u00f3n que implica el objeto, la cosa, la mercanc\u00eda. Ella afirma que la mejor cosa u objeto es aqu\u00e9l basado en la belleza y la \u00e9tica de trabajo, pero \u00bfqu\u00e9 acaso eso no es lo mismo que sostiene en esencia todo marchante, todo capitalista? Sin duda. Adem\u00e1s, bajo el capitalismo, todo l\u00edder de opini\u00f3n no es sino representante y vocero de la burgues\u00eda, o de fracciones de la misma; o del proletariado y los trabajadores; o bien de una clase que francamente agoniza y se encuentra ante una disyuntiva, la peque\u00f1a burgues\u00eda<\/p>\n<p style=\"text-align: justify;\">Con el obradorismo, lo que se ha puesto sobre la mesa es una transformaci\u00f3n, no pongamos adjetivos ni ahondemos por el momento en el tipo de cambio que representa; el viejo envase del arte contempor\u00e1neo transita por adecuaciones; e impulsos para revitalizar y resarcir la producci\u00f3n pict\u00f3rica o \u201ctradicional\u201d, que cuenta tambi\u00e9n con poderosos mecenas y colecciones, tienen en L\u00e9sper a su vendedor idealizado, impoluto, pero tambi\u00e9n igual de decr\u00e9pito detr\u00e1s de la m\u00e1scara.<\/p>\n<p style=\"text-align: justify;\">Se\u00f1alar\u00e9 tres \u00faltimas observaciones a prop\u00f3sito del acto de Avelina L\u00e9sper en la Feria del Libro Tijuana. La primera, ella puede enunciar e indicar una serie de anomal\u00edas o aspectos controversiales de la pr\u00e1ctica creativa, pero no puede ni comprenderlos ni propiciar su comprensi\u00f3n. Segundo, el formato de su presentaci\u00f3n el domingo indica la incapacidad de Avelina para ir m\u00e1s all\u00e1 del <em>slogan<\/em>. Tercero, el arte debe trascender la pugna interburguesa, no puede ser confinado al campo de reacciones entre fan\u00e1ticos, de apologetas de una mercanc\u00eda <em>duradera<\/em> (y <em>\u00a1moral!<\/em>) vs. apologetas de una mercanc\u00eda <em>ef\u00edmera<\/em>.<\/p>\n<p style=\"text-align: justify;\">Despu\u00e9s de reflexionar sobre la impotencia de la adjetivaci\u00f3n y del personaje de la industria del entretenimiento, cabe puntualizar que Avelina no es sino una m\u00e1s de tantas salidas falsas a las inquietudes genuinas que pueden manifestarse tanto en el arte como la vida. La soluci\u00f3n no es rebelarse, consumir y comprar pintura o grabado. \u00bfPor qu\u00e9 en M\u00e9xico nos entusiasman tanto los sacerdotes de p\u00falpito? Analizar y romper con los m\u00e1s variados dogmas es la verdadera rebeli\u00f3n.<\/p>\n","protected":false},"excerpt":{"rendered":"<p>La Sala Federico Campbell del Centro Cultural Tijuana (Cecut) estaba saturada, con cierto bullicio. Hab\u00eda una atm\u00f3sfera de expectaci\u00f3n. En todo espect\u00e1culo \u2013\u00bfuna Feria del Libro tendr\u00eda que limitarse a esto?\u2013 el \u00e9xito del mismo depende de la colaboraci\u00f3n entre int\u00e9rprete y p\u00fablico; esa colaboraci\u00f3n puede ser de empat\u00eda o antipat\u00eda. Unos minutos despu\u00e9s de la hora de inicio se\u00f1alada, Avelina L\u00e9sper apareci\u00f3 en el escenario. Todos los elementos estaban dispuestos.<\/p>\n","protected":false},"author":1,"featured_media":5398,"comment_status":"open","ping_status":"open","sticky":false,"template":"","format":"standard","meta":{"rop_custom_images_group":[],"rop_custom_messages_group":[],"rop_publish_now":"initial","rop_publish_now_accounts":[],"rop_publish_now_history":[],"rop_publish_now_status":"pending","_exactmetrics_skip_tracking":false,"_exactmetrics_sitenote_active":false,"_exactmetrics_sitenote_note":"","_exactmetrics_sitenote_category":0,"footnotes":""},"categories":[5],"tags":[1678,1676,1677],"class_list":["post-5397","post","type-post","status-publish","format-standard","has-post-thumbnail","hentry","category-elmachete","tag-avelina-lesper","tag-centro-cultural-tijuana","tag-feria-del-libro"],"wppr_data":{"cwp_meta_box_check":"No"},"_links":{"self":[{"href":"https:\/\/elmachete.mx\/index.php\/wp-json\/wp\/v2\/posts\/5397","targetHints":{"allow":["GET"]}}],"collection":[{"href":"https:\/\/elmachete.mx\/index.php\/wp-json\/wp\/v2\/posts"}],"about":[{"href":"https:\/\/elmachete.mx\/index.php\/wp-json\/wp\/v2\/types\/post"}],"author":[{"embeddable":true,"href":"https:\/\/elmachete.mx\/index.php\/wp-json\/wp\/v2\/users\/1"}],"replies":[{"embeddable":true,"href":"https:\/\/elmachete.mx\/index.php\/wp-json\/wp\/v2\/comments?post=5397"}],"version-history":[{"count":1,"href":"https:\/\/elmachete.mx\/index.php\/wp-json\/wp\/v2\/posts\/5397\/revisions"}],"predecessor-version":[{"id":5399,"href":"https:\/\/elmachete.mx\/index.php\/wp-json\/wp\/v2\/posts\/5397\/revisions\/5399"}],"wp:featuredmedia":[{"embeddable":true,"href":"https:\/\/elmachete.mx\/index.php\/wp-json\/wp\/v2\/media\/5398"}],"wp:attachment":[{"href":"https:\/\/elmachete.mx\/index.php\/wp-json\/wp\/v2\/media?parent=5397"}],"wp:term":[{"taxonomy":"category","embeddable":true,"href":"https:\/\/elmachete.mx\/index.php\/wp-json\/wp\/v2\/categories?post=5397"},{"taxonomy":"post_tag","embeddable":true,"href":"https:\/\/elmachete.mx\/index.php\/wp-json\/wp\/v2\/tags?post=5397"}],"curies":[{"name":"wp","href":"https:\/\/api.w.org\/{rel}","templated":true}]}}