{"id":5425,"date":"2023-08-13T23:44:51","date_gmt":"2023-08-14T05:44:51","guid":{"rendered":"https:\/\/elmachete.mx\/?p=5425"},"modified":"2023-08-13T23:44:51","modified_gmt":"2023-08-14T05:44:51","slug":"declaracion-del-pcm-en-solidaridad-con-el-pcv","status":"publish","type":"post","link":"https:\/\/elmachete.mx\/index.php\/2023\/08\/13\/declaracion-del-pcm-en-solidaridad-con-el-pcv\/","title":{"rendered":"Declaraci\u00f3n del PCM en solidaridad con el PCV"},"content":{"rendered":"<p><strong>\u00a1El Partido Comunista de Venezuela, vencer\u00e1!<\/strong><\/p>\n<p>&nbsp;<\/p>\n<p>El 11 de agosto el Estado venezolano ejecut\u00f3 la decisi\u00f3n de ilegalizar al Partido Comunista de Venezuela mediante un burdo montaje, insostenible pol\u00edtica y moralmente; promovido por el Gobierno de Nicol\u00e1s Maduro y el PSUV, quienes fungieron de titiriteros de un grup\u00fasculo de personas ajenas a los principios revolucionarios que se arrendaron como mercenarios para el ataque anticomunista.<\/p>\n<p>El ataque al Partido Comunista de Venezuela es un ataque a los derechos pol\u00edticos y electorales de todos los trabajadores y capas populares en Venezuela. As\u00ed como un ataque al movimiento comunista internacional. Esta conducta antidemocr\u00e1tica busca excluir la opci\u00f3n de los trabajadores, de los revolucionarios en el horizonte pol\u00edtico, para que en el escenario electoral est\u00e9n \u00fanicamente\u00a0 opciones proclives a la continuidad del capitalismo, la explotaci\u00f3n, la protecci\u00f3n de las ganancias apropiadas privadamente, hundidas en la ci\u00e9naga de la corrupci\u00f3n, y que solo difieren en la forma de gestionar el sistema.<\/p>\n<p>Adem\u00e1s se busca suplantar al PCV, usurpar sus siglas para convertirlas en marionetas de la socialdemocracia.<\/p>\n<p>Rechazamos la falsa disyuntiva de que \u201co con Maduro, o con la reacci\u00f3n venezolana y la agresi\u00f3n imperialista\u201d, que sirve de coartada para difamar al PCV; rechazamos la idea de que hay un capitalismo mejor que otro, que sacrifica los intereses obreros y populares. Ning\u00fan Partido Comunista tiene que subordinarse al inter\u00e9s de una burgues\u00eda u otra, al contrario debe colocarse contra ellas. El PCV demostr\u00f3 que quien tiene un dialogo con EEUU es el Gobierno de Maduro, que quien pacta con la oposici\u00f3n reaccionaria es el Gobierno de Maduro; y adem\u00e1s es constatable que mientras se da un enriquecimiento escandaloso con base en la corrupci\u00f3n de quienes participan del Gobierno, el nivel de vida de los trabajadores se deteriora aceleradamente, que trabajadores son encarcelados injustamente, que la lucha sindical se encuentra bajo constante ataque.<\/p>\n<p>Tales acciones del gobierno de Maduro son inaceptables; y no lograran enga\u00f1ar a la clase obrera venezolana, ni a las y los comunistas y antiimperialista en el mundo.<\/p>\n<p>El PCM que particip\u00f3 del XVI Congreso del PCV constat\u00f3 su unidad ideol\u00f3gica-program\u00e1tica y organizativa, la decisi\u00f3n democr\u00e1tica y unida contundente de los delegados para elegir a su Comit\u00e9 Central.<\/p>\n<p>Es con el PCV, su Comit\u00e9 Central, su Bur\u00f3 Pol\u00edtico, y con el camarada Oscar Figuera, su Secretario General, que ratificamos nuestra solidaridad.<\/p>\n<p>Tenemos la convicci\u00f3n fundada en la historia de que frente a las dificultades el Partido Comunista de Venezuela saldr\u00e1 avante, como lo hizo siempre, en periodos de clandestinidad y represi\u00f3n, a pesar del asesinato, prisi\u00f3n o exilio de muchos de sus cuadros. Es un Partido Comunista heroico y combativo, indoblegable, que nunca dej\u00f3 de actuar. Las calumnias que el r\u00e9gimen de Maduro difunde contra el PCV chocan con la lealtad a los intereses de la clase obrera de los comunistas de Venezuela.<\/p>\n<p>Tambi\u00e9n Maduro sabotea el movimiento solidario con el pueblo de Venezuela contra las sanciones imperialistas, pero a pesar de \u00e9l, el Partido Comunista de M\u00e9xico, estar\u00e1 con el PCV, con las organizaciones pol\u00edticas de izquierda que tambi\u00e9n fueros ilegalizadas, y con el pueblo y la clase obrera de Venezuela contra el capitalismo y el imperialismo.<\/p>\n<p>&nbsp;<\/p>\n<p><em>\u00a1Proletarios de todos los pa\u00edses, un\u00edos!<\/em><\/p>\n<p><strong>La Secci\u00f3n Internacional del CC del PCM<\/strong><\/p>\n<p><img loading=\"lazy\" decoding=\"async\" class=\"alignnone size-medium wp-image-5426\" src=\"https:\/\/elmachete.mx\/wp-content\/uploads\/2023\/08\/WhatsApp-Image-2023-08-14-at-00.11.02-216x300.jpeg\" alt=\"\" width=\"216\" height=\"300\" srcset=\"https:\/\/elmachete.mx\/wp-content\/uploads\/2023\/08\/WhatsApp-Image-2023-08-14-at-00.11.02-216x300.jpeg 216w, https:\/\/elmachete.mx\/wp-content\/uploads\/2023\/08\/WhatsApp-Image-2023-08-14-at-00.11.02-737x1024.jpeg 737w, https:\/\/elmachete.mx\/wp-content\/uploads\/2023\/08\/WhatsApp-Image-2023-08-14-at-00.11.02-768x1067.jpeg 768w, https:\/\/elmachete.mx\/wp-content\/uploads\/2023\/08\/WhatsApp-Image-2023-08-14-at-00.11.02-1106x1536.jpeg 1106w, https:\/\/elmachete.mx\/wp-content\/uploads\/2023\/08\/WhatsApp-Image-2023-08-14-at-00.11.02-640x889.jpeg 640w, https:\/\/elmachete.mx\/wp-content\/uploads\/2023\/08\/WhatsApp-Image-2023-08-14-at-00.11.02-36x50.jpeg 36w, https:\/\/elmachete.mx\/wp-content\/uploads\/2023\/08\/WhatsApp-Image-2023-08-14-at-00.11.02-600x833.jpeg 600w, https:\/\/elmachete.mx\/wp-content\/uploads\/2023\/08\/WhatsApp-Image-2023-08-14-at-00.11.02.jpeg 1152w\" sizes=\"auto, (max-width: 216px) 100vw, 216px\" \/><\/p>\n","protected":false},"excerpt":{"rendered":"<p>El 11 de agosto el Estado venezolano ejecut\u00f3 la decisi\u00f3n de ilegalizar al Partido Comunista de Venezuela mediante un burdo montaje, insostenible pol\u00edtica y moralmente; promovido por el Gobierno de Nicol\u00e1s Maduro y el PSUV, quienes fungieron de titiriteros de un grup\u00fasculo de personas ajenas a los principios revolucionarios que se arrendaron como mercenarios para el ataque anticomunista.<\/p>\n","protected":false},"author":2,"featured_media":5426,"comment_status":"open","ping_status":"open","sticky":false,"template":"","format":"standard","meta":{"rop_custom_images_group":[],"rop_custom_messages_group":[],"rop_publish_now":"initial","rop_publish_now_accounts":[],"rop_publish_now_history":[],"rop_publish_now_status":"pending","_exactmetrics_skip_tracking":false,"_exactmetrics_sitenote_active":false,"_exactmetrics_sitenote_note":"","_exactmetrics_sitenote_category":0,"footnotes":""},"categories":[14,16],"tags":[1117,146,258,342,267],"class_list":["post-5425","post","type-post","status-publish","format-standard","has-post-thumbnail","hentry","category-mci","category-politica-1","tag-nicolas-maduro","tag-pcv","tag-progresismo","tag-psuv","tag-venezuela"],"wppr_data":{"cwp_meta_box_check":"No"},"_links":{"self":[{"href":"https:\/\/elmachete.mx\/index.php\/wp-json\/wp\/v2\/posts\/5425","targetHints":{"allow":["GET"]}}],"collection":[{"href":"https:\/\/elmachete.mx\/index.php\/wp-json\/wp\/v2\/posts"}],"about":[{"href":"https:\/\/elmachete.mx\/index.php\/wp-json\/wp\/v2\/types\/post"}],"author":[{"embeddable":true,"href":"https:\/\/elmachete.mx\/index.php\/wp-json\/wp\/v2\/users\/2"}],"replies":[{"embeddable":true,"href":"https:\/\/elmachete.mx\/index.php\/wp-json\/wp\/v2\/comments?post=5425"}],"version-history":[{"count":1,"href":"https:\/\/elmachete.mx\/index.php\/wp-json\/wp\/v2\/posts\/5425\/revisions"}],"predecessor-version":[{"id":5427,"href":"https:\/\/elmachete.mx\/index.php\/wp-json\/wp\/v2\/posts\/5425\/revisions\/5427"}],"wp:featuredmedia":[{"embeddable":true,"href":"https:\/\/elmachete.mx\/index.php\/wp-json\/wp\/v2\/media\/5426"}],"wp:attachment":[{"href":"https:\/\/elmachete.mx\/index.php\/wp-json\/wp\/v2\/media?parent=5425"}],"wp:term":[{"taxonomy":"category","embeddable":true,"href":"https:\/\/elmachete.mx\/index.php\/wp-json\/wp\/v2\/categories?post=5425"},{"taxonomy":"post_tag","embeddable":true,"href":"https:\/\/elmachete.mx\/index.php\/wp-json\/wp\/v2\/tags?post=5425"}],"curies":[{"name":"wp","href":"https:\/\/api.w.org\/{rel}","templated":true}]}}