{"id":5597,"date":"2023-10-12T09:15:07","date_gmt":"2023-10-12T15:15:07","guid":{"rendered":"https:\/\/elmachete.mx\/?p=5597"},"modified":"2023-10-12T09:21:46","modified_gmt":"2023-10-12T15:21:46","slug":"naturaleza-de-las-pugnas-interburguesas","status":"publish","type":"post","link":"https:\/\/elmachete.mx\/index.php\/2023\/10\/12\/naturaleza-de-las-pugnas-interburguesas\/","title":{"rendered":"Naturaleza De Las Pugnas Interburguesas"},"content":{"rendered":"<p>&nbsp;<\/p>\n<p><img loading=\"lazy\" decoding=\"async\" class=\" wp-image-5598 aligncenter\" src=\"https:\/\/elmachete.mx\/wp-content\/uploads\/2023\/10\/descarga.jpeg\" alt=\"\" width=\"357\" height=\"200\" srcset=\"https:\/\/elmachete.mx\/wp-content\/uploads\/2023\/10\/descarga.jpeg 300w, https:\/\/elmachete.mx\/wp-content\/uploads\/2023\/10\/descarga-50x28.jpeg 50w\" sizes=\"auto, (max-width: 357px) 100vw, 357px\" \/><\/p>\n<p style=\"text-align: right;\">Por: <em><strong>H\u00e9ctor Ram\u00edrez Cu\u00e9llar<\/strong><\/em><\/p>\n<p style=\"text-align: justify;\">Hemos definido a la pugna planteada por Marcelo Ebrard como una pugna que se da en el seno de un gobierno burgu\u00e9s, de un partido de similar orientaci\u00f3n y contenido y por lo tanto tambi\u00e9n entre miembros que pertenecen a la misma clase social ya que sostienen similares intereses pol\u00edticos y principios de orden doctrinario comunes. Tanto en los a\u00f1os 2026 como el a\u00f1o 2012, momentos en los cuales el ex canciller perteneci\u00f3 al grupo de Manuel Camacho Sol\u00eds, que fuera excluido de la posibilidad de ser el candidato presidencial, como en la actualidad, ocurri\u00f3 el mismo fen\u00f3meno, hubo un conflicto serio en el seno del grupo gobernante, que finalmente se inclin\u00f3 por respaldar a Andr\u00e9s Manuel L\u00f3pez Obrador, pero Ebrard insisti\u00f3 en una actitud separatista y disidente y por lo tanto la respuesta fue excluirlo por un serie de causas o razones pol\u00edticas que solo conocen realmente los miembros de ese grupo que se ha apoderado el gobierno y que conducen al pa\u00eds por el camino del capitalismo dependiente y por las normas de la democracia representativa capitalista, a la que dicen defender pero que la violan cuando as\u00ed conviene a sus intereses de dominaci\u00f3n.<\/p>\n<p style=\"text-align: justify;\">Marcelo Ebrard, egresado del Colegio de M\u00e9xico, estuvo estrechamente vinculado con Manuel Camacho Sol\u00eds, quien actuaba pol\u00edticamente como impulsor de la v\u00eda nacional revolucionaria, que se consideraba progresista en aquella \u00e9poca y por lo tanto se pod\u00edan identificar como miembro de la izquierda del PRI. Era un pol\u00edtico conciliador y pragm\u00e1tico, que siempre trataba que las diferencias polic\u00edas se superaran por m\u00e9todos pac\u00edficos o por negociaciones y no por rupturas o enfrentamientos, nunca formul\u00f3 ni sostuvo planteamientos de fondo para modificar la estructura econ\u00f3mica y pol\u00edtica del pa\u00eds , siempre permaneci\u00f3 al mismo grupo que estuvo en el poder en la \u00faltimas d\u00e9cadas, pero que a la hora de asumir posiciones pol\u00edticas m\u00e1s avanzadas que implicaran un rompimiento con las posiciones burguesas, como seria rectificar el rumbo neoliberal y la supeditaci\u00f3n del pa\u00eds a los Estados unidos, nunca lo hizo y prefiri\u00f3 generar un pugna interna la cual se resolvi\u00f3 de la misma forma, es decir, en forma interna, sin romper con la unidad del sector al que siempre perteneci\u00f3.<\/p>\n<p><span style=\"color: #ff0000;\"><em><strong>Te puede interesar: &#8220;<\/strong><\/em><\/span><span style=\"color: #ff0000;\"><em><strong><a style=\"color: #ff0000;\" href=\"https:\/\/elmachete.mx\/index.php\/2023\/10\/06\/el-beso-de-mariela-gutierrez\/\" rel=\"bookmark\">El Beso de Mariela Guti\u00e9rrez<\/a>&#8220;<\/strong><\/em><\/span><\/p>\n<p style=\"text-align: justify;\">En este contexto, Ebrard se relacion\u00f3 con los grupos que habi\u00e9ndose separado del PRI despu\u00e9s formaron el PRD y de una manera particular con L\u00f3pez Obrador al estar consciente, durante el r\u00e9gimen de Enrique Pe\u00f1a Nieto que el partido oficial se encontraba en una seria y grave crisis de legitimidad pol\u00edticas por los efectos antipopulares y antinacionales que estaba causando la pol\u00edtica neoliberal y que por lo tanto era necesaria una ruptura m\u00e1s clara y muchos de ellos se afiliaron al PRD que estaba influido por las la tesis del nacionalismo revolucionario primero y de la socialdemocracia despu\u00e9s, pero no obstante estos traslados de una partido a otro, esos pol\u00edticos siguieron manteniendo una actitud moderada desde el punto de vista pol\u00edtico, conciliadora con los grandes intereses econ\u00f3micos de la naci\u00f3n.<\/p>\n<p style=\"text-align: justify;\">Ebrard jam\u00e1s se afili\u00f3 al PRD, pero creo un movimiento pol\u00edtico que ten\u00eda una postura socialdem\u00f3crata, el cual no tuvo \u00e9xito, intensific\u00f3 y fortaleci\u00f3 sus relaciones con el grupo de L\u00f3pez Obrador, que hab\u00eda adquirido una gran fuerza popular, en donde demostr\u00f3 que ten\u00eda una gran capacidad operativa que le permit\u00eda realizar algunas acciones que produjeron resultados positivos, en el corto plazo, present\u00e1ndose como un funcionario muy eficaz, se vincul\u00f3 estrechamente con el grupo de los Clinton, en los Estado Unidos , despu\u00e9s con altos colaboradores del r\u00e9gimen de Trump con los cuales llev\u00f3 a cabo muchas negociaciones pol\u00edticas y econ\u00f3micas directas, sin pasar por las oficinas burocr\u00e1ticas, muy exitosas, que los hizo concluir que se trataba de un diplom\u00e1tico muy h\u00e1bil , de un pol\u00edtico disciplinado y oportuno, que pod\u00eda resolver asuntos importantes, siendo uno de ellos la compra masiva de vacunas durante la etapa m\u00e1s dram\u00e1tica y destructiva de la epidemia de coronavirus y la movilizaci\u00f3n de la Guardia Nacional, en ayuda de la Border Patrol , para contener la afluencia masiva de migrantes en nuestra frontera sur , previa amenaza de Trump de que de no hacerlo se aplicar\u00edan aranceles a nuestras exportaciones, entre otras. Sin embargo, trat\u00e1ndose de las continuas agresiones verbales que el inquilino de la Casa Blanca lanz\u00f3 contra M\u00e9xico, al que llam\u00f3 en reiterada ocasiones, un pa\u00eds de terroristas y narcotraficantes, prefiri\u00f3 el silencio con el prop\u00f3sito de no enfrentarse con ese pol\u00edtico conservador.<\/p>\n<p style=\"text-align: justify;\">La predilecci\u00f3n pol\u00edtica de L\u00f3pez Obrador por Claudia Sheinbaum fue notoria desde un principio y de ello fueron conscientes no solo Ebrard sino tambi\u00e9n el resto de los aspirantes y por ello no deben llamarse a enga\u00f1ados y por lo tanto la intromisi\u00f3n y la manipulaci\u00f3n de la Secretaria de Bienestar y de los gobernadores tampoco resultan una novedad pol\u00edtica. En realidad, esa forma antidemocr\u00e1tica de seleccionar candidatos se realiz\u00f3 en forma sistem\u00e1tica en el seno del PRI durante muchos a\u00f1os, no se dec\u00eda que se levantaban encuestas sino que se consultaba los militantes, pero este ejerci\u00f3 nunca se poda verificar sino simple y llanamente se designaba al seleccionado afirmando que era el mejor posicionado, es decir, era el que nombraba el Presidente.<\/p>\n<p style=\"text-align: justify;\">Esta forma de operaci\u00f3n se traslad\u00f3 a Morena ya que la mayor\u00eda de los miembros y los dirigentes de esa organizaci\u00f3n provienen de las filas del tricolor y por lo tanto se formaron en las pr\u00e1cticas internas que caracterizaron a este partido. El PRI nunca fue una agrupaci\u00f3n democr\u00e1tica en sus vida interior, nunca fue aut\u00f3noma sino depend\u00eda directamente del Presidente que empleaba a la Secretaria de Gobernaci\u00f3n para manejarlo imponiendo sus instrucciones; ese papel lo desempe\u00f1a Morena, ya que el dirigente principal , \u00fanico e inapelable es el Presidente, mientras que a los dirigentes formales y a los \u00f3rganos estatutarios solo les corresponde llevar a la pr\u00e1ctica las decisiones previamente tomadas, aunque existen nominalmente millones de miembros y afiliados, solo es importante y decisivo uno de ellos, el jefe del estado; esta dependencia y esta subordinaci\u00f3n que existe nivel nacional se reproduce en cada una de las entidades federativas en donde el gobernador es el jefe pol\u00edtico aut\u00e9ntico del partido y los l\u00edderes que se\u00f1alan los estatutos solo ejecutan sus \u00f3rdenes.<\/p>\n<p><em><strong><span style=\"color: #ff0000;\">Por si te lo perdiste: &#8220;<\/span><\/strong><\/em><em><strong><span style=\"color: #ff0000;\"><a style=\"color: #ff0000;\" href=\"https:\/\/elmachete.mx\/index.php\/2023\/09\/14\/importancia-politica-de-las-denuncias-de-ebrard\/\" rel=\"bookmark\">Importancia Pol\u00edtica De Las Denuncias De Ebrard<\/a>&#8220;<\/span><\/strong><\/em><\/p>\n<p style=\"text-align: justify;\">Esta es la raz\u00f3n por la cual el Presidente, cuando se trata de asuntos de car\u00e1cter pol\u00edtico electoral como fue el caso de la selecci\u00f3n del candidato de Morena no convoc\u00f3 a los titulares de los comit\u00e9s estatales de ese agrupamiento sino a los gobernadores, 23, que son mayor\u00eda en la Rep\u00fablica y les dio una serie de instrucciones al respecto.<\/p>\n<p style=\"text-align: justify;\">En este contexto, los miembros de los grupos que integran Morena al igual que ocurr\u00eda en el seno del PRI en el pasado solo mantienen una lealtad transitoria con el representante o jefe que los encabeza pero una vez que triunfa o fracasa ese movimiento se reaviva la necesidad de conquistar un cargo p\u00fablico. Ello se observ\u00f3 la semana pasada con el numeroso grupo de diputados marcelistas, unos 57 en total, que ahora han disminuido ya que muchos de ellos recibieron la promesa de que ser\u00edan tomados cuenta en la pr\u00f3xima reelecci\u00f3n legislativa y ya no asistieron a la reuni\u00f3n a la que los convoc\u00f3 el ex canciller, y se inclinaron ante Sheinbaum. Lo mismo sucedi\u00f3 con la estructura que arm\u00f3 Monreal quien ha declarado que se desintegr\u00f3 en virtud de que el ya no sostuvo ninguna impugnaci\u00f3n al proceso anterior, ya acept\u00f3 los resultados, los m\u00e9todos y los procedimientos empleados y se disciplin\u00f3 a Morena, es decir, al Presidente, a la doctora Sheinbaum y por lo tanto todas cr\u00edticas pol\u00edticas que se hicieron en el pasado ya no est\u00e1n vigentes y ahora existe unidad y cohesi\u00f3n.<\/p>\n","protected":false},"excerpt":{"rendered":"<p>Hemos definido a la pugna planteada por Marcelo Ebrard como una pugna que se da en el seno de un gobierno burgu\u00e9s, de un partido de similar orientaci\u00f3n y contenido y por lo tanto tambi\u00e9n entre miembros que pertenecen a la misma clase social ya que sostienen similares intereses pol\u00edticos y principios de orden doctrinario comunes.<\/p>\n","protected":false},"author":2,"featured_media":5598,"comment_status":"open","ping_status":"open","sticky":false,"template":"","format":"standard","meta":{"rop_custom_images_group":[],"rop_custom_messages_group":[],"rop_publish_now":"initial","rop_publish_now_accounts":[],"rop_publish_now_history":[],"rop_publish_now_status":"pending","_exactmetrics_skip_tracking":false,"_exactmetrics_sitenote_active":false,"_exactmetrics_sitenote_note":"","_exactmetrics_sitenote_category":0,"footnotes":""},"categories":[5],"tags":[767,416,1486,234,235,1534,1529],"class_list":["post-5597","post","type-post","status-publish","format-standard","has-post-thumbnail","hentry","category-elmachete","tag-4t","tag-amlo","tag-ebrad","tag-morena","tag-prd","tag-pugnas-interburgesas","tag-sheinbaum"],"wppr_data":{"cwp_meta_box_check":"No"},"_links":{"self":[{"href":"https:\/\/elmachete.mx\/index.php\/wp-json\/wp\/v2\/posts\/5597","targetHints":{"allow":["GET"]}}],"collection":[{"href":"https:\/\/elmachete.mx\/index.php\/wp-json\/wp\/v2\/posts"}],"about":[{"href":"https:\/\/elmachete.mx\/index.php\/wp-json\/wp\/v2\/types\/post"}],"author":[{"embeddable":true,"href":"https:\/\/elmachete.mx\/index.php\/wp-json\/wp\/v2\/users\/2"}],"replies":[{"embeddable":true,"href":"https:\/\/elmachete.mx\/index.php\/wp-json\/wp\/v2\/comments?post=5597"}],"version-history":[{"count":1,"href":"https:\/\/elmachete.mx\/index.php\/wp-json\/wp\/v2\/posts\/5597\/revisions"}],"predecessor-version":[{"id":5599,"href":"https:\/\/elmachete.mx\/index.php\/wp-json\/wp\/v2\/posts\/5597\/revisions\/5599"}],"wp:featuredmedia":[{"embeddable":true,"href":"https:\/\/elmachete.mx\/index.php\/wp-json\/wp\/v2\/media\/5598"}],"wp:attachment":[{"href":"https:\/\/elmachete.mx\/index.php\/wp-json\/wp\/v2\/media?parent=5597"}],"wp:term":[{"taxonomy":"category","embeddable":true,"href":"https:\/\/elmachete.mx\/index.php\/wp-json\/wp\/v2\/categories?post=5597"},{"taxonomy":"post_tag","embeddable":true,"href":"https:\/\/elmachete.mx\/index.php\/wp-json\/wp\/v2\/tags?post=5597"}],"curies":[{"name":"wp","href":"https:\/\/api.w.org\/{rel}","templated":true}]}}