{"id":5962,"date":"2024-02-12T03:11:18","date_gmt":"2024-02-12T09:11:18","guid":{"rendered":"https:\/\/elmachete.mx\/?p=5962"},"modified":"2024-02-19T19:34:42","modified_gmt":"2024-02-20T01:34:42","slug":"primera-carta-abierta-a-los-trabajadores-los-pueblos-y-barrios-la-mujer-y-la-juventud-trabajadora-de-la-ciudad-de-mexico","status":"publish","type":"post","link":"https:\/\/elmachete.mx\/index.php\/2024\/02\/12\/primera-carta-abierta-a-los-trabajadores-los-pueblos-y-barrios-la-mujer-y-la-juventud-trabajadora-de-la-ciudad-de-mexico\/","title":{"rendered":"Primera carta abierta a los trabajadores&#8230;.."},"content":{"rendered":"<p style=\"text-align: right;\">\n<p>&nbsp;<\/p>\n<h4 style=\"text-align: center;\"><strong>Primera carta abierta a los trabajadores, los pueblos y barrios, la mujer y la juventud trabajadora de la Ciudad de M\u00e9xico.<\/strong><\/h4>\n<hr \/>\n<h6 style=\"text-align: right;\"><em>Ciudad de M\u00e9xico a 12 de febrero del 2023<\/em><\/h6>\n<h6 style=\"text-align: justify;\"><em>Mi nombre es \u00c1ngel Ch\u00e1vez Mancilla, tengo 32 a\u00f1os, soy profesor de historia y vivo en el norte de la Ciudad de M\u00e9xico. Al igual que ustedes, he pasado gran parte de mi vida disfrutando de esta ciudad construida con el esfuerzo de varias generaciones de trabajadores, pero tambi\u00e9n padezco las problem\u00e1ticas de una urbe que no est\u00e1 al servicio de quienes la creamos.<\/em><\/h6>\n<h6 style=\"text-align: justify;\"><em>La ciudad ya fue gobernada por distintos partidos pol\u00edticos, tanto en la jefatura de gobierno como las alcald\u00edas, partidos que no han resuelto las grandes problem\u00e1ticas estructurales que padecemos sus habitantes, y que han demostrado ser gobiernos en favor de los empresarios, algunos dando m\u00e1s o menos prebendas a parte de la poblaci\u00f3n, pero sin tocar el origen de los problemas.<\/em><\/h6>\n<h6 style=\"text-align: justify;\"><em>En la actualidad, y despu\u00e9s de una gesti\u00f3n de Morena, es posible afirmar que su gobierno tampoco represent\u00f3 un cambio substancial respecto de los partidos como anteriormente gobernaron el PRI y el PRD, y est\u00e1 lejos de lograr algo m\u00e1s que mejoras superficiales.<\/em><\/h6>\n<h6 style=\"text-align: justify;\"><em>Cierto de que se requiere probar una nueva pol\u00edtica para gobernar la Ciudad de M\u00e9xico, y porque conozco en carne propia las problem\u00e1ticas sociales que viven buena parte de los trabajadores de esta ciudad, deseo compartir con ustedes que, en el contexto del proceso electoral del 2024 en el que se designar\u00e1n nuevamente los cargos de elecci\u00f3n popular, el Partido Comunista de M\u00e9xico (PCM) ha decidido proponerme como candidato no registrado a jefe de Gobierno de la Ciudad de M\u00e9xico.<\/em><\/h6>\n<h6 style=\"text-align: justify;\"><em>As\u00ed pues, mi labor ser\u00e1 ser el medio para difundir la propuesta que tenemos los comunistas para los trabajadores de la CDMX, la cual puede resumirse en: Una Ciudad para los trabajadores\/ Una Ciudad para la clase obrera.<\/em><\/h6>\n<h6 style=\"text-align: justify;\"><em>Atreverse a conocer la propuesta de los comunistas es algo necesario, ya que despu\u00e9s de la gesti\u00f3n de los otros partidos que dieron resultados similares, es momento de probar una propuesta distinta, radical, que no titubee en se\u00f1alar el origen de las problem\u00e1ticas ni proponer una nueva alternativa.<\/em><\/h6>\n<h6 style=\"text-align: justify;\"><em>En las siguientes cartas, que aparecer\u00e1n cada lunes, les compartir\u00e9 el diagn\u00f3stico y la propuesta que el PCM tiene para los habitantes de la Ciudad de M\u00e9xico haciendo de esta una Ciudad para los trabajadores.<\/em><\/h6>\n<h6><em><strong>Mtro. \u00c1ngel Ch\u00e1vez Mancilla<\/strong><\/em><\/h6>\n","protected":false},"excerpt":{"rendered":"<p>Atreverse a conocer la propuesta de los comunistas es algo necesario, ya que despu\u00e9s de la gesti\u00f3n de los otros partidos que dieron resultados similares, es momento de probar una propuesta distinta, radical, que no titubee en se\u00f1alar el origen de las problem\u00e1ticas ni proponer una nueva alternativa.<\/p>\n","protected":false},"author":2,"featured_media":5963,"comment_status":"open","ping_status":"open","sticky":false,"template":"","format":"standard","meta":{"rop_custom_images_group":[],"rop_custom_messages_group":[],"rop_publish_now":"initial","rop_publish_now_accounts":[],"rop_publish_now_history":[],"rop_publish_now_status":"pending","_exactmetrics_skip_tracking":false,"_exactmetrics_sitenote_active":false,"_exactmetrics_sitenote_note":"","_exactmetrics_sitenote_category":0,"footnotes":""},"categories":[5,366,16],"tags":[1415,143],"class_list":["post-5962","post","type-post","status-publish","format-standard","has-post-thumbnail","hentry","category-elmachete","category-pcm","category-politica-1","tag-elecciones-2024","tag-pcm"],"wppr_data":{"cwp_meta_box_check":"No"},"_links":{"self":[{"href":"https:\/\/elmachete.mx\/index.php\/wp-json\/wp\/v2\/posts\/5962","targetHints":{"allow":["GET"]}}],"collection":[{"href":"https:\/\/elmachete.mx\/index.php\/wp-json\/wp\/v2\/posts"}],"about":[{"href":"https:\/\/elmachete.mx\/index.php\/wp-json\/wp\/v2\/types\/post"}],"author":[{"embeddable":true,"href":"https:\/\/elmachete.mx\/index.php\/wp-json\/wp\/v2\/users\/2"}],"replies":[{"embeddable":true,"href":"https:\/\/elmachete.mx\/index.php\/wp-json\/wp\/v2\/comments?post=5962"}],"version-history":[{"count":3,"href":"https:\/\/elmachete.mx\/index.php\/wp-json\/wp\/v2\/posts\/5962\/revisions"}],"predecessor-version":[{"id":5979,"href":"https:\/\/elmachete.mx\/index.php\/wp-json\/wp\/v2\/posts\/5962\/revisions\/5979"}],"wp:featuredmedia":[{"embeddable":true,"href":"https:\/\/elmachete.mx\/index.php\/wp-json\/wp\/v2\/media\/5963"}],"wp:attachment":[{"href":"https:\/\/elmachete.mx\/index.php\/wp-json\/wp\/v2\/media?parent=5962"}],"wp:term":[{"taxonomy":"category","embeddable":true,"href":"https:\/\/elmachete.mx\/index.php\/wp-json\/wp\/v2\/categories?post=5962"},{"taxonomy":"post_tag","embeddable":true,"href":"https:\/\/elmachete.mx\/index.php\/wp-json\/wp\/v2\/tags?post=5962"}],"curies":[{"name":"wp","href":"https:\/\/api.w.org\/{rel}","templated":true}]}}