{"id":6197,"date":"2024-04-09T20:19:33","date_gmt":"2024-04-10T02:19:33","guid":{"rendered":"https:\/\/elmachete.mx\/?p=6197"},"modified":"2024-04-09T20:19:33","modified_gmt":"2024-04-10T02:19:33","slug":"sobre-el-asalto-a-la-embajada-de-mexico-en-ecuador","status":"publish","type":"post","link":"https:\/\/elmachete.mx\/index.php\/2024\/04\/09\/sobre-el-asalto-a-la-embajada-de-mexico-en-ecuador\/","title":{"rendered":"Sobre el asalto a la Embajada de M\u00e9xico en Ecuador"},"content":{"rendered":"<p>El Partido Comunista de M\u00e9xico y el Partido Comunista de Ecuador se pronuncian sobre la crisis diplom\u00e1tica que envuelve a nuestros dos pa\u00edses.<\/p>\n<p>Ambos partidos expresamos que la orden del Presidente Noboa de irrumpir policialmente en la Embajada de M\u00e9xico es algo inaceptable, violatorio de la normatividad diplom\u00e1tica. Por lo tanto condenamos esa decisi\u00f3n del Gobierno del Ecuador.<\/p>\n<p>El Partido Comunista de M\u00e9xico expresa su solidaridad al Partido Comunista del Ecuador, a la clase obrera, los campesinos, los pueblos ind\u00edgenas, los j\u00f3venes y estudiantes que enfrentan las medidas antiobreras y antipopulares del Gobierno de Noboa, as\u00ed como una creciente ola de violencia por parte de la delincuencia organizada, fen\u00f3meno en que est\u00e1n envuelto el crimen organizado de M\u00e9xico.<\/p>\n<p>Ambos partidos comunistas se posicionan abiertamente contra el surgimiento del chauvinismo y del nacionalismo reaccionario que pretende el enfrentamiento entre ambos pueblos. Aqu\u00ed hay responsabilidad de los Estados burgueses, que est\u00e1n disociados de los intereses de los trabajadores y los pueblos de ambos pa\u00edses que tienen mucho en com\u00fan, que est\u00e1n hermanados desde el papel jugado por Vicente Rocafuerte en nuestras relaciones. Destacamos que \u00e9ste hermanamiento es hist\u00f3rico, y por ejemplo est\u00e1 la labor de Rafael Ramos Pedrueza quien como Embajador de M\u00e9xico en Ecuador, cumpliendo con sus deberes de miembro de la Secci\u00f3n Mexicana de la Internacional Comunista cumpli\u00f3 con la tarea de contribuir a la organizaci\u00f3n de la clase obrera del Ecuador y los cimientos para la formaci\u00f3n del PCE.<\/p>\n<p>Los trabajadores del Ecuador y M\u00e9xico tienen el mismo inter\u00e9s inmediato e hist\u00f3rico: luchar contra la explotaci\u00f3n, derrocar el capitalismo y construir la nueva sociedad comunista, el poder obrero. Por tanto no admitimos nada que lleve a nuestra divisi\u00f3n.<\/p>\n<p>\u00a1Vivan la clase obrera de M\u00e9xico Ecuador!<br \/>\n\u00a1Proletarios de todos los pa\u00edses, un\u00edos!<\/p>\n<p>Partido Comunista de M\u00e9xico Partido Comunista del Ecuador<\/p>\n<p>09 de abril de 2024<\/p>\n<p>&nbsp;<\/p>\n<p><img loading=\"lazy\" decoding=\"async\" class=\"alignnone size-medium wp-image-6198\" src=\"https:\/\/elmachete.mx\/wp-content\/uploads\/2024\/04\/logo-PCM-300x300.png\" alt=\"\" width=\"300\" height=\"300\" srcset=\"https:\/\/elmachete.mx\/wp-content\/uploads\/2024\/04\/logo-PCM-300x300.png 300w, https:\/\/elmachete.mx\/wp-content\/uploads\/2024\/04\/logo-PCM-1024x1024.png 1024w, https:\/\/elmachete.mx\/wp-content\/uploads\/2024\/04\/logo-PCM-150x150.png 150w, https:\/\/elmachete.mx\/wp-content\/uploads\/2024\/04\/logo-PCM-768x768.png 768w, https:\/\/elmachete.mx\/wp-content\/uploads\/2024\/04\/logo-PCM-640x640.png 640w, https:\/\/elmachete.mx\/wp-content\/uploads\/2024\/04\/logo-PCM-50x50.png 50w, https:\/\/elmachete.mx\/wp-content\/uploads\/2024\/04\/logo-PCM-144x144.png 144w, https:\/\/elmachete.mx\/wp-content\/uploads\/2024\/04\/logo-PCM-600x600.png 600w, https:\/\/elmachete.mx\/wp-content\/uploads\/2024\/04\/logo-PCM.png 1500w\" sizes=\"auto, (max-width: 300px) 100vw, 300px\" \/> <img loading=\"lazy\" decoding=\"async\" class=\"alignnone size-medium wp-image-6199\" src=\"https:\/\/elmachete.mx\/wp-content\/uploads\/2024\/04\/PC-ecuador-300x278.png\" alt=\"\" width=\"300\" height=\"278\" srcset=\"https:\/\/elmachete.mx\/wp-content\/uploads\/2024\/04\/PC-ecuador-300x278.png 300w, https:\/\/elmachete.mx\/wp-content\/uploads\/2024\/04\/PC-ecuador-768x712.png 768w, https:\/\/elmachete.mx\/wp-content\/uploads\/2024\/04\/PC-ecuador-640x594.png 640w, https:\/\/elmachete.mx\/wp-content\/uploads\/2024\/04\/PC-ecuador-50x46.png 50w, https:\/\/elmachete.mx\/wp-content\/uploads\/2024\/04\/PC-ecuador-600x557.png 600w, https:\/\/elmachete.mx\/wp-content\/uploads\/2024\/04\/PC-ecuador.png 913w\" sizes=\"auto, (max-width: 300px) 100vw, 300px\" \/><\/p>\n","protected":false},"excerpt":{"rendered":"<p>El Partido Comunista de M\u00e9xico y el Partido Comunista de Ecuador se pronuncian sobre la crisis diplom\u00e1tica que envuelve a nuestros dos pa\u00edses.<\/p>\n","protected":false},"author":2,"featured_media":6200,"comment_status":"open","ping_status":"open","sticky":false,"template":"","format":"standard","meta":{"rop_custom_images_group":[],"rop_custom_messages_group":[],"rop_publish_now":"initial","rop_publish_now_accounts":[],"rop_publish_now_history":[],"rop_publish_now_status":"pending","_exactmetrics_skip_tracking":false,"_exactmetrics_sitenote_active":false,"_exactmetrics_sitenote_note":"","_exactmetrics_sitenote_category":0,"footnotes":""},"categories":[5],"tags":[],"class_list":["post-6197","post","type-post","status-publish","format-standard","has-post-thumbnail","hentry","category-elmachete"],"wppr_data":{"cwp_meta_box_check":"No"},"_links":{"self":[{"href":"https:\/\/elmachete.mx\/index.php\/wp-json\/wp\/v2\/posts\/6197","targetHints":{"allow":["GET"]}}],"collection":[{"href":"https:\/\/elmachete.mx\/index.php\/wp-json\/wp\/v2\/posts"}],"about":[{"href":"https:\/\/elmachete.mx\/index.php\/wp-json\/wp\/v2\/types\/post"}],"author":[{"embeddable":true,"href":"https:\/\/elmachete.mx\/index.php\/wp-json\/wp\/v2\/users\/2"}],"replies":[{"embeddable":true,"href":"https:\/\/elmachete.mx\/index.php\/wp-json\/wp\/v2\/comments?post=6197"}],"version-history":[{"count":1,"href":"https:\/\/elmachete.mx\/index.php\/wp-json\/wp\/v2\/posts\/6197\/revisions"}],"predecessor-version":[{"id":6201,"href":"https:\/\/elmachete.mx\/index.php\/wp-json\/wp\/v2\/posts\/6197\/revisions\/6201"}],"wp:featuredmedia":[{"embeddable":true,"href":"https:\/\/elmachete.mx\/index.php\/wp-json\/wp\/v2\/media\/6200"}],"wp:attachment":[{"href":"https:\/\/elmachete.mx\/index.php\/wp-json\/wp\/v2\/media?parent=6197"}],"wp:term":[{"taxonomy":"category","embeddable":true,"href":"https:\/\/elmachete.mx\/index.php\/wp-json\/wp\/v2\/categories?post=6197"},{"taxonomy":"post_tag","embeddable":true,"href":"https:\/\/elmachete.mx\/index.php\/wp-json\/wp\/v2\/tags?post=6197"}],"curies":[{"name":"wp","href":"https:\/\/api.w.org\/{rel}","templated":true}]}}