{"id":6361,"date":"2024-06-16T11:07:26","date_gmt":"2024-06-16T17:07:26","guid":{"rendered":"https:\/\/elmachete.mx\/?p=6361"},"modified":"2024-06-16T11:07:26","modified_gmt":"2024-06-16T17:07:26","slug":"contradicciones-de-la-reforma-al-poder-judicial","status":"publish","type":"post","link":"https:\/\/elmachete.mx\/index.php\/2024\/06\/16\/contradicciones-de-la-reforma-al-poder-judicial\/","title":{"rendered":"Contradicciones de la reforma al Poder Judicial"},"content":{"rendered":"<p>&nbsp;<\/p>\n<p><img loading=\"lazy\" decoding=\"async\" class=\"aligncenter  wp-image-6362\" src=\"https:\/\/elmachete.mx\/wp-content\/uploads\/2024\/06\/pjf_12djunio_2118-1024x576.webp\" alt=\"\" width=\"557\" height=\"313\" srcset=\"https:\/\/elmachete.mx\/wp-content\/uploads\/2024\/06\/pjf_12djunio_2118-1024x576.webp 1024w, https:\/\/elmachete.mx\/wp-content\/uploads\/2024\/06\/pjf_12djunio_2118-300x169.webp 300w, https:\/\/elmachete.mx\/wp-content\/uploads\/2024\/06\/pjf_12djunio_2118-768x432.webp 768w, https:\/\/elmachete.mx\/wp-content\/uploads\/2024\/06\/pjf_12djunio_2118-640x360.webp 640w, https:\/\/elmachete.mx\/wp-content\/uploads\/2024\/06\/pjf_12djunio_2118-50x28.webp 50w, https:\/\/elmachete.mx\/wp-content\/uploads\/2024\/06\/pjf_12djunio_2118-600x338.webp 600w, https:\/\/elmachete.mx\/wp-content\/uploads\/2024\/06\/pjf_12djunio_2118.webp 1280w\" sizes=\"auto, (max-width: 557px) 100vw, 557px\" \/><\/p>\n<p>&nbsp;<\/p>\n<p style=\"text-align: right;\"><em><strong>Marco Vinicio D\u00e1vila Ju\u00e1rez, <\/strong><\/em><br \/>\n<em><strong>miembro del CC del PCM<\/strong><\/em><\/p>\n<p>&nbsp;<\/p>\n<p style=\"text-align: justify;\">Sobre la reforma judicial que propuso el presidente L\u00f3pez Obrador y que pretende crear un poder judicial \u201cindependiente\u201d de las c\u00fapulas pol\u00edticas, que no econ\u00f3micas, a trav\u00e9s de procesos electorales, donde \u201cel pueblo\u201d elija libremente a los candidatos propuestos por los tres poderes. Con el fin de garantizar que en el Poder Judicial est\u00e9n representadas las diferentes visiones de la sociedad.<\/p>\n<p>La propuesta es en s\u00ed misma una contradicci\u00f3n, o sea m\u00e1s demagogia.<\/p>\n<p style=\"text-align: justify;\">Se pretende sustituir por \u00f3rganos investidos de legitimidad democr\u00e1tica al Consejo de la Judicatura Federal, porque \u00e9ste no ha sido capaz de acabar con la corrupci\u00f3n y la impunidad que ocurren al interior del Poder Judicial.<\/p>\n<p style=\"text-align: justify;\">Se propone prohibir el financiamiento p\u00fablico o privado para impedir el dinero ilegal en las campa\u00f1as, as\u00ed como la participaci\u00f3n de los partidos pol\u00edticos.\u00a0 Pero lo primero que se observa en la propuesta de reforma es que cada uno de los tres poderes, ejecutivo, legislativo y judicial proponga las candidaturas, diez por cada poder. O sea, que los funcionarios p\u00fablicos electos a trav\u00e9s de partidos pol\u00edticos propongan al margen de sus partidos, a sus candidatos a ocupar los cargos en el Poder Judicial.<\/p>\n<p style=\"text-align: justify;\">La propuesta de reforma judicial pasa por alto el hecho de que en el capitalismo la sociedad se encuentra dividida en clases sociales, y que en M\u00e9xico, como en el resto de casi todo el mundo, la justicia no es ciega, sino que es pronta y expedita para quien puede comprarla. De manera que, las diferentes visiones de la sociedad que se expresan los las de la clase dominante, que siempre protegen sus intereses econ\u00f3micos.<\/p>\n<p style=\"text-align: justify;\">Por otra parte, como lo hemos afirmado desde los tiempos de la reforma electoral de Carlos Salinas de Gortari, la clase trabajadora est\u00e1 excluida de la participaci\u00f3n democr\u00e1tica, ya que aunque vota, no elige. Es decir, De la misma manera que en la elecci\u00f3n de los representantes de los poderes ejecutivo y legislativo no puede participar la clase obrera ni los sectores populares porque las instituciones que defienden la legalidad burguesa, el INE en este caso, impiden el registro de partidos de clase, obreros, revolucionarios y desde luego al partido comunista, que representan los intereses del proletariado y los expresan en un programa de gobierno, as\u00ed les niegan como clase sus derechos democr\u00e1ticos de participar electoralmente; de esta manera tambi\u00e9n ocurrir\u00e1 con la elecci\u00f3n de los encargados de estar al frente del poder judicial. Puesto que el poder de los monopolios somete econ\u00f3micamente al pueblo trabajador, en tales condiciones \u00e9ste s\u00f3lo seguir\u00e1 eligiendo a sus verdugos.*<\/p>\n<p style=\"text-align: justify;\">En realidad se trata de reforzar el aparato estatal con la legitimaci\u00f3n de un respaldo popular, pero de ninguna manera significa que los ministros(as), magistrados(as), jueces(zas) sean responsables de sus decisiones frente a la sociedad que los eligi\u00f3.<\/p>\n<p style=\"text-align: justify;\">Pero al igual que con los \u201crepresentantes populares\u201d del poder legislativo, \u00e9stos seguir\u00e1n representando los intereses de quienes los financiaron para ocupar dichos cargos.<\/p>\n<p style=\"text-align: justify;\">Suponemos que L\u00f3pez Obrador pretende acabar con la corrupci\u00f3n en el Poder Judicial con su propuesta de reforma constitucional, as\u00ed como acab\u00f3 con esas lacras en el \u00e1mbito del gobierno federal \u00a1neg\u00e1ndolas!<\/p>\n<p style=\"text-align: justify;\">Y es que, en los hechos, el Poder Judicial seguir\u00e1 actuando bajo el mismo criterio constitucional que preserva y regula la propiedad privada, sobre todo de los grandes monopolios, que son los verdaderos electores. Por lo tanto, los criminales seguir\u00e1n siendo los trabajadores y el pueblo que lucha contra el despojo de derechos laborales y sociales, por la recuperaci\u00f3n de la tierra y el territorio.<\/p>\n<p style=\"text-align: justify;\">No es una reforma al Poder Judicial lo que necesitamos, es una nueva constituci\u00f3n pol\u00edtica, donde **\u201cel n\u00facleo del Nuevo Derecho debe ser la salvaguarda, como voluntad cristalizada de la clase obrera, de la propiedad social de los medios de producci\u00f3n socializados, de su car\u00e1cter inviolable, as\u00ed como de la eliminaci\u00f3n de la base econ\u00f3mica de todo poder pol\u00edtico de las clases explotadoras.\u201d Tal y como lo propone el programa de lucha del Partido Comunista de M\u00e9xico. Y para ello es necesario que los trabajadores de este pa\u00eds tengamos el poder en nuestras manos.<\/p>\n<p>**\u201cPara que la ley y los tribunales est\u00e9n al servicio del pueblo, y gocen de su confianza, se requiere que dimanen de un Nuevo Poder\u201d. El poder de la clase trabajadora, no puede ser de otra manera.<\/p>\n<p>&nbsp;<\/p>\n<p>&nbsp;<\/p>\n<p>&nbsp;<\/p>\n<p>&nbsp;<\/p>\n<p>* <a href=\"https:\/\/elcomunista.nuevaradio.org\/el-conflicto-entre-los-poderes-de\/\">https:\/\/elcomunista.nuevaradio.org\/el-conflicto-entre-los-poderes-de\/<\/a><\/p>\n<p>**<a href=\"https:\/\/www.comunistas-mexicanos.org\/index.php\/pcm\/plataforma-electoral-comunista-eligeluchar\">https:\/\/www.comunistas-mexicanos.org\/index.php\/pcm\/plataforma-electoral-comunista-eligeluchar<\/a><\/p>\n<p>&nbsp;<\/p>\n","protected":false},"excerpt":{"rendered":"<p>Sobre la reforma judicial que propuso el presidente L\u00f3pez Obrador y que pretende crear un poder judicial \u201cindependiente\u201d de las c\u00fapulas pol\u00edticas, que no econ\u00f3micas, a trav\u00e9s de procesos electorales, donde \u201cel pueblo\u201d elija libremente a los candidatos propuestos por los tres poderes. Con el fin de garantizar que en el Poder Judicial est\u00e9n representadas las diferentes visiones de la sociedad.<\/p>\n","protected":false},"author":1,"featured_media":6362,"comment_status":"open","ping_status":"open","sticky":false,"template":"","format":"standard","meta":{"rop_custom_images_group":[],"rop_custom_messages_group":[],"rop_publish_now":"initial","rop_publish_now_accounts":[],"rop_publish_now_history":[],"rop_publish_now_status":"pending","_exactmetrics_skip_tracking":false,"_exactmetrics_sitenote_active":false,"_exactmetrics_sitenote_note":"","_exactmetrics_sitenote_category":0,"footnotes":""},"categories":[5,16],"tags":[767,416,234,1826],"class_list":["post-6361","post","type-post","status-publish","format-standard","has-post-thumbnail","hentry","category-elmachete","category-politica-1","tag-4t","tag-amlo","tag-morena","tag-reforma-al-poder-judicial"],"wppr_data":{"cwp_meta_box_check":"No"},"_links":{"self":[{"href":"https:\/\/elmachete.mx\/index.php\/wp-json\/wp\/v2\/posts\/6361","targetHints":{"allow":["GET"]}}],"collection":[{"href":"https:\/\/elmachete.mx\/index.php\/wp-json\/wp\/v2\/posts"}],"about":[{"href":"https:\/\/elmachete.mx\/index.php\/wp-json\/wp\/v2\/types\/post"}],"author":[{"embeddable":true,"href":"https:\/\/elmachete.mx\/index.php\/wp-json\/wp\/v2\/users\/1"}],"replies":[{"embeddable":true,"href":"https:\/\/elmachete.mx\/index.php\/wp-json\/wp\/v2\/comments?post=6361"}],"version-history":[{"count":1,"href":"https:\/\/elmachete.mx\/index.php\/wp-json\/wp\/v2\/posts\/6361\/revisions"}],"predecessor-version":[{"id":6363,"href":"https:\/\/elmachete.mx\/index.php\/wp-json\/wp\/v2\/posts\/6361\/revisions\/6363"}],"wp:featuredmedia":[{"embeddable":true,"href":"https:\/\/elmachete.mx\/index.php\/wp-json\/wp\/v2\/media\/6362"}],"wp:attachment":[{"href":"https:\/\/elmachete.mx\/index.php\/wp-json\/wp\/v2\/media?parent=6361"}],"wp:term":[{"taxonomy":"category","embeddable":true,"href":"https:\/\/elmachete.mx\/index.php\/wp-json\/wp\/v2\/categories?post=6361"},{"taxonomy":"post_tag","embeddable":true,"href":"https:\/\/elmachete.mx\/index.php\/wp-json\/wp\/v2\/tags?post=6361"}],"curies":[{"name":"wp","href":"https:\/\/api.w.org\/{rel}","templated":true}]}}