{"id":7009,"date":"2025-02-16T13:49:53","date_gmt":"2025-02-16T19:49:53","guid":{"rendered":"https:\/\/elmachete.mx\/?p=7009"},"modified":"2025-02-16T13:49:53","modified_gmt":"2025-02-16T19:49:53","slug":"una-carta-de-los-trabajadores-del-centro-cultural-tijuana","status":"publish","type":"post","link":"https:\/\/elmachete.mx\/index.php\/2025\/02\/16\/una-carta-de-los-trabajadores-del-centro-cultural-tijuana\/","title":{"rendered":"Una carta de los trabajadores del Centro Cultural Tijuana"},"content":{"rendered":"<p>Corresponsal de El Machete en Baja California<\/p>\n<p>&nbsp;<\/p>\n<p>El 7 de febrero, seg\u00fan Enrique Mendoza en el Semanario Zeta, 50 trabajadoras y trabajadores por honorarios del Centro Cultural Tijuana, algunos con 5, 10 o 15 a\u00f1os de antig\u00fcedad no reconocida, fueron convocados por la Directora de la instituci\u00f3n, Galia Vianka Robles Santana, para informarles que la Secretar\u00eda de Hacienda y Cr\u00e9dito P\u00fablico supuestamente no autorizaba su pago semanal, insinu\u00e1ndoles as\u00ed concluir su relaci\u00f3n laboral con el Centro.<\/p>\n<p>Al 14 de febrero, este medio centenar de empleados se encuentran ante la incertidumbre de haber sido despedidos o desconocer si reiniciar\u00e1n sus labores el lunes 17 del mismo mes. Al inicio de la gesti\u00f3n de Vianka Santana, decenas de trabajadores fueron despedidos, algunos sin la indemnizaci\u00f3n que por ley les correspond\u00eda. A la mitad de su gesti\u00f3n, otros 80 corrieron con la misma \u201csuerte\u201d.<\/p>\n<p>La gesti\u00f3n de Vianka Santana se distingui\u00f3 por las medidas caracter\u00edsticas del gobierno federal encabezado por Andr\u00e9s Manuel L\u00f3pez Obrador: arbitrariedad, despidos masivos y recortes presupuestales. Adem\u00e1s, por el crimen laboral en perjuicio del Ing. Jos\u00e9 Alberto Ramos Castillo. Ante este, la mentira y el silencio. Ante los 50 trabajadores agredidos, el despotismo y la burla: \u201csi quieres manejar un Uber, adelante\u201d.<\/p>\n<p>No cabe duda, las y los trabajadores del Estado necesitan sindicato de clase y luchar organizadamente contra la explotaci\u00f3n, ataques y zozobra que tambi\u00e9n distingue al \u00e1mbito cultural. Adem\u00e1s, Galia Vianka Robles Santana debe ser juzgada por el asesinato al Ing. Ramos\u2026 A continuaci\u00f3n reproducimos una carta de los trabajadores cuyos derechos laborales son ignorados y violados por las actuales autoridades federales de cultura:<\/p>\n<p>&nbsp;<\/p>\n<p><em>\u00bfPor d\u00f3nde comenzamos?<\/em><\/p>\n<p><em>\u00bfPor su actitud infantil y caprichosa? \u00bfPor su evidente incompetencia? \u00bfO por su arrogancia desmedida?<\/em><\/p>\n<p><em>La administraci\u00f3n de Vianka Santana se ha convertido en una herida abierta para el Centro Cultural Tijuana, una infecci\u00f3n que se propaga con cada decisi\u00f3n negligente. Desde recortes presupuestarios sin sentido hasta el abandono de las instalaciones, su gesti\u00f3n ha estado marcada por la incapacidad de dirigir un equipo de trabajo y la indiferencia ante las necesidades del sector cultural.<\/em><\/p>\n<p><em>El Centro Cultural Tijuana ya no es el espacio de expresi\u00f3n que sol\u00eda ser; su gran explanada se ha convertido en un mero &#8220;tianguis&#8221;.<\/em><\/p>\n<p><em>Lo que alguna vez fue un espacio para la creatividad y el arte, hoy es un s\u00edmbolo de retroceso, corrupci\u00f3n y abuso de poder. Su negligencia no solo ha deteriorado el recinto y su funcionamiento, sino que ha cobrado la vida de una persona. Adem\u00e1s, bajo su administraci\u00f3n se protege a acosadores de todo tipo, quienes contin\u00faan en sus cargos amparados bajo el discurso de la inclusi\u00f3n y la equidad, mientras que las v\u00edctimas son silenciadas y revictimizadas.<\/em><\/p>\n<p><em>Cada a\u00f1o, durante el 8M, se hace un llamado a las trabajadoras a alzar la voz, pero lejos de encontrar apoyo, muchas son se\u00f1aladas por sus propios compa\u00f1eros y sus agresores reciben ascensos y mejores prestaciones. Esta realidad ha generado un ambiente hostil e inseguro dentro de la instituci\u00f3n, donde la impunidad es la norma y no la excepci\u00f3n.<\/em><\/p>\n<p><em>Vianka Santana ha demostrado ser una l\u00edder autoritaria y caprichosa, incapaz de aceptar cr\u00edticas o cuestionamientos. Basta con mirarla mal, con hablar m\u00e1s de la cuenta, con disentir de sus decisiones, para convertirse en su siguiente objetivo. Su ego\u00edsmo le impide reconocer sus errores y su falta de transparencia es un secreto a voces. Asegura que nunca ha utilizado recursos p\u00fablicos para fines personales, pero m\u00faltiples testimonios afirman lo contrario.<\/em><\/p>\n<p><em>No es sorpresa que m\u00e1s de una vez los propios artistas hayan solicitado su destituci\u00f3n. Si a\u00fan cree que todo lo que se dice de usted es por envidia, perm\u00edtame decirle que no es as\u00ed. Es porque usted es una verdadera incompetente, incapaz de dirigir un centro que no solo pertenece a los artistas, sino tambi\u00e9n a sus propios trabajadores.<\/em><\/p>\n<p><em>Ahora, en este nuevo esc\u00e1ndalo, pretende justificar que no puede pagar los sueldos de quienes mantienen en pie esta instituci\u00f3n. Entre ellos hay padres y madres de familia, estudiantes que luchan por salir adelante, personas mayores que, sin acceso a estudios formales, han encontrado en su trabajo una forma digna de vivir. A pesar de no saber si recibir\u00edan su salario, continuaron trabajando porque no quer\u00edan perder su empleo.<\/em><\/p>\n<p><em>Por si fuera poco, estos trabajadores laboran sin servicio de salud ni prestaciones laborales, muchos esperando una plaza que nunca llegar\u00e1, pues, milagrosamente, solo se asignan a sus allegados. Plazas que han sido ocupadas por las mismas personas, impidiendo que nuevas generaciones accedan a oportunidades laborales justas.<\/em><\/p>\n<p><em>La comunidad cultural y los trabajadores del Centro Cultural Tijuana han manifestado en repetidas ocasiones su descontento y han exigido cambios urgentes en la direcci\u00f3n. Sin embargo, sus voces han sido ignoradas bajo la err\u00f3nea justificaci\u00f3n de que se trata de ataques personales o envidias.<\/em><\/p>\n<p><em>Vianka Santana no es m\u00e1s que la consecuencia de una mala elecci\u00f3n de liderazgo. Su nombramiento marc\u00f3 el inicio de un desastre institucional que sumi\u00f3 al Centro Cultural Tijuana en abandono, el abuso de poder y la corrupci\u00f3n. Su administraci\u00f3n ser\u00e1 recordada como un periodo de retroceso, donde la negligencia tuvo un costo demasiado alto y la impunidad se convirti\u00f3 en norma.<\/em><\/p>\n<p><em>Pero, doctora, no crea que olvidaremos el nombre del ingeniero Jos\u00e9 Alberto Ramos Castillo. Que su muerte viva en su conciencia.<\/em><\/p>\n<p><em>El Centro Cultural Tijuana merece m\u00e1s. Merece una administraci\u00f3n capaz, transparente y comprometida con la dignidad de la instituci\u00f3n y de quienes la sostienen. Que su salida marque el cierre definitivo de esta etapa oscura y la apertura de un futuro donde el arte, la cultura y la justicia no sean s\u00f3lo discursos, sino realidades.<\/em><\/p>\n<p>&nbsp;<\/p>\n","protected":false},"excerpt":{"rendered":"<p>El 7 de febrero, seg\u00fan Enrique Mendoza en el Semanario Zeta, 50 trabajadoras y trabajadores por honorarios del Centro Cultural Tijuana, algunos con 5, 10 o 15 a\u00f1os de antig\u00fcedad no reconocida, fueron convocados por la Directora de la instituci\u00f3n, Galia Vianka Robles Santana, para informarles que la Secretar\u00eda de Hacienda y Cr\u00e9dito P\u00fablico supuestamente no autorizaba su pago semanal, insinu\u00e1ndoles as\u00ed concluir su relaci\u00f3n laboral con el Centro.<\/p>\n","protected":false},"author":2,"featured_media":7010,"comment_status":"open","ping_status":"open","sticky":false,"template":"","format":"standard","meta":{"rop_custom_images_group":[],"rop_custom_messages_group":[],"rop_publish_now":"initial","rop_publish_now_accounts":[],"rop_publish_now_history":[],"rop_publish_now_status":"pending","_exactmetrics_skip_tracking":false,"_exactmetrics_sitenote_active":false,"_exactmetrics_sitenote_note":"","_exactmetrics_sitenote_category":0,"footnotes":""},"categories":[5,729],"tags":[],"class_list":["post-7009","post","type-post","status-publish","format-standard","has-post-thumbnail","hentry","category-elmachete","category-obrero-sindical"],"wppr_data":{"cwp_meta_box_check":"No"},"_links":{"self":[{"href":"https:\/\/elmachete.mx\/index.php\/wp-json\/wp\/v2\/posts\/7009","targetHints":{"allow":["GET"]}}],"collection":[{"href":"https:\/\/elmachete.mx\/index.php\/wp-json\/wp\/v2\/posts"}],"about":[{"href":"https:\/\/elmachete.mx\/index.php\/wp-json\/wp\/v2\/types\/post"}],"author":[{"embeddable":true,"href":"https:\/\/elmachete.mx\/index.php\/wp-json\/wp\/v2\/users\/2"}],"replies":[{"embeddable":true,"href":"https:\/\/elmachete.mx\/index.php\/wp-json\/wp\/v2\/comments?post=7009"}],"version-history":[{"count":1,"href":"https:\/\/elmachete.mx\/index.php\/wp-json\/wp\/v2\/posts\/7009\/revisions"}],"predecessor-version":[{"id":7011,"href":"https:\/\/elmachete.mx\/index.php\/wp-json\/wp\/v2\/posts\/7009\/revisions\/7011"}],"wp:featuredmedia":[{"embeddable":true,"href":"https:\/\/elmachete.mx\/index.php\/wp-json\/wp\/v2\/media\/7010"}],"wp:attachment":[{"href":"https:\/\/elmachete.mx\/index.php\/wp-json\/wp\/v2\/media?parent=7009"}],"wp:term":[{"taxonomy":"category","embeddable":true,"href":"https:\/\/elmachete.mx\/index.php\/wp-json\/wp\/v2\/categories?post=7009"},{"taxonomy":"post_tag","embeddable":true,"href":"https:\/\/elmachete.mx\/index.php\/wp-json\/wp\/v2\/tags?post=7009"}],"curies":[{"name":"wp","href":"https:\/\/api.w.org\/{rel}","templated":true}]}}