{"id":7136,"date":"2025-03-25T12:56:26","date_gmt":"2025-03-25T18:56:26","guid":{"rendered":"https:\/\/elmachete.mx\/?p=7136"},"modified":"2025-03-25T12:56:26","modified_gmt":"2025-03-25T18:56:26","slug":"ni-un-paso-atras-normalistas-de-oaxaca-resisten-por-educacion-digna","status":"publish","type":"post","link":"https:\/\/elmachete.mx\/index.php\/2025\/03\/25\/ni-un-paso-atras-normalistas-de-oaxaca-resisten-por-educacion-digna\/","title":{"rendered":"\u00a1Ni un paso atr\u00e1s! Normalistas de Oaxaca resisten por educaci\u00f3n digna"},"content":{"rendered":"<p><img loading=\"lazy\" decoding=\"async\" class=\"aligncenter size-full wp-image-7137\" src=\"https:\/\/elmachete.mx\/wp-content\/uploads\/2025\/03\/20250325_124718.jpeg\" alt=\"\" width=\"1020\" height=\"609\" srcset=\"https:\/\/elmachete.mx\/wp-content\/uploads\/2025\/03\/20250325_124718.jpeg 1020w, https:\/\/elmachete.mx\/wp-content\/uploads\/2025\/03\/20250325_124718-300x179.jpeg 300w, https:\/\/elmachete.mx\/wp-content\/uploads\/2025\/03\/20250325_124718-768x459.jpeg 768w, https:\/\/elmachete.mx\/wp-content\/uploads\/2025\/03\/20250325_124718-640x382.jpeg 640w, https:\/\/elmachete.mx\/wp-content\/uploads\/2025\/03\/20250325_124718-50x30.jpeg 50w, https:\/\/elmachete.mx\/wp-content\/uploads\/2025\/03\/20250325_124718-600x358.jpeg 600w\" sizes=\"auto, (max-width: 1020px) 100vw, 1020px\" \/><\/p>\n<p style=\"text-align: justify;\"><span style=\"font-family: inherit; font-style: inherit; font-weight: inherit;\">La coordinadora estudiantil del estado de Oaxaca que la integran alumnos de 9 normales en Oaxaca, se manifiestan para exigir soluciones sobre necesidades en centros de estudios de los normalistas, en el centro de la ciudad de Oaxaca de Ju\u00e1rez, realizando bloqueos en principales vialidades de la ciudad, desde hace ya m\u00e1s meses, realizando sus \u00faltimas protestas hasta hace unas semanas, debido a que no han sido resueltas las demandas del pliego petitorio entregado el 13 de febrero del presente a\u00f1o, por parte de la direcci\u00f3n General del IEEPO, cuando el Lic. Emilio Montero P\u00e9rez se hab\u00eda comprometido ha tener una mesa de dialogo con los normalistas, pero hasta ahora se ha hecho caso omiso a las demandas.<\/span><\/p>\n<p style=\"text-align: justify;\">El pliego petitorio est\u00e1 integrado por 19 puntos, de los cuales 11 le competen resolver al IEEPO. Se ha atendido en parte la petici\u00f3n de sobre el proceso de nuevo ingreso, las escuelas normales presentan diferentes necesidades principalmente sobre infraestructura, sobre la transportaci\u00f3n de las normales para sus pr\u00e1cticas profesionales, falta de docentes para su formaci\u00f3n, entre otras. Los normalistas continuaran en pie de lucha hasta tener respuestas favorables.<\/p>\n<p style=\"text-align: justify;\">La educaci\u00f3n desde hace sexenios, es un rubro que se ha ido abandonando poco a poco, recortando presupuestos, mermando las necesidades en centros de estudio, adecuando los programas de estudio con una tendencia m\u00e1s servil a la l\u00f3gica del capital, pues cada vez se suman m\u00e1s elementos a una tendencia a la privatizaci\u00f3n y a medidas antipopulares que degradan la educaci\u00f3n p\u00fablica. Por ello la lucha es importante, y la mejor manera es \u00a1organiz\u00e1ndonos!<\/p>\n","protected":false},"excerpt":{"rendered":"<p>Estudiantes normalistas en Oaxaca bloquean calles exigiendo respuestas a 19 demandas educativas, tras meses de incumplimiento gubernamental.<\/p>\n","protected":false},"author":2,"featured_media":7139,"comment_status":"open","ping_status":"open","sticky":false,"template":"","format":"standard","meta":{"rop_custom_images_group":[],"rop_custom_messages_group":[],"rop_publish_now":"initial","rop_publish_now_accounts":[],"rop_publish_now_history":[],"rop_publish_now_status":"pending","_exactmetrics_skip_tracking":false,"_exactmetrics_sitenote_active":false,"_exactmetrics_sitenote_note":"","_exactmetrics_sitenote_category":0,"footnotes":""},"categories":[5,16],"tags":[767,1751,1804,1065],"class_list":["post-7136","post","type-post","status-publish","format-standard","has-post-thumbnail","hentry","category-elmachete","category-politica-1","tag-4t","tag-educacion-media-superior","tag-estudiantes-normalistas","tag-oaxaca"],"wppr_data":{"cwp_meta_box_check":"No"},"_links":{"self":[{"href":"https:\/\/elmachete.mx\/index.php\/wp-json\/wp\/v2\/posts\/7136","targetHints":{"allow":["GET"]}}],"collection":[{"href":"https:\/\/elmachete.mx\/index.php\/wp-json\/wp\/v2\/posts"}],"about":[{"href":"https:\/\/elmachete.mx\/index.php\/wp-json\/wp\/v2\/types\/post"}],"author":[{"embeddable":true,"href":"https:\/\/elmachete.mx\/index.php\/wp-json\/wp\/v2\/users\/2"}],"replies":[{"embeddable":true,"href":"https:\/\/elmachete.mx\/index.php\/wp-json\/wp\/v2\/comments?post=7136"}],"version-history":[{"count":1,"href":"https:\/\/elmachete.mx\/index.php\/wp-json\/wp\/v2\/posts\/7136\/revisions"}],"predecessor-version":[{"id":7138,"href":"https:\/\/elmachete.mx\/index.php\/wp-json\/wp\/v2\/posts\/7136\/revisions\/7138"}],"wp:featuredmedia":[{"embeddable":true,"href":"https:\/\/elmachete.mx\/index.php\/wp-json\/wp\/v2\/media\/7139"}],"wp:attachment":[{"href":"https:\/\/elmachete.mx\/index.php\/wp-json\/wp\/v2\/media?parent=7136"}],"wp:term":[{"taxonomy":"category","embeddable":true,"href":"https:\/\/elmachete.mx\/index.php\/wp-json\/wp\/v2\/categories?post=7136"},{"taxonomy":"post_tag","embeddable":true,"href":"https:\/\/elmachete.mx\/index.php\/wp-json\/wp\/v2\/tags?post=7136"}],"curies":[{"name":"wp","href":"https:\/\/api.w.org\/{rel}","templated":true}]}}