{"id":8626,"date":"2026-09-01T21:30:32","date_gmt":"2026-09-02T03:30:32","guid":{"rendered":"https:\/\/elmachete.mx\/?p=8626"},"modified":"2026-09-01T21:30:32","modified_gmt":"2026-09-02T03:30:32","slug":"cnte-inicia-paro-indefinido-en-baja-california-por-salarios-retenidos-a-mas-de-2700-docentes-interinos","status":"publish","type":"post","link":"https:\/\/elmachete.mx\/index.php\/2026\/09\/01\/cnte-inicia-paro-indefinido-en-baja-california-por-salarios-retenidos-a-mas-de-2700-docentes-interinos\/","title":{"rendered":"CNTE inicia paro indefinido en Baja California por salarios retenidos a m\u00e1s de 2,700 docentes interinos"},"content":{"rendered":"<h1><img loading=\"lazy\" decoding=\"async\" class=\"aligncenter size-large wp-image-8628\" src=\"https:\/\/elmachete.mx\/wp-content\/uploads\/2026\/09\/CNTE-Paro-Indefinido-250826-1-1024x682.jpg\" alt=\"\" width=\"940\" height=\"626\" srcset=\"https:\/\/elmachete.mx\/wp-content\/uploads\/2026\/09\/CNTE-Paro-Indefinido-250826-1-1024x682.jpg 1024w, https:\/\/elmachete.mx\/wp-content\/uploads\/2026\/09\/CNTE-Paro-Indefinido-250826-1-300x200.jpg 300w, https:\/\/elmachete.mx\/wp-content\/uploads\/2026\/09\/CNTE-Paro-Indefinido-250826-1-768x512.jpg 768w, https:\/\/elmachete.mx\/wp-content\/uploads\/2026\/09\/CNTE-Paro-Indefinido-250826-1-1536x1023.jpg 1536w, https:\/\/elmachete.mx\/wp-content\/uploads\/2026\/09\/CNTE-Paro-Indefinido-250826-1-640x426.jpg 640w, https:\/\/elmachete.mx\/wp-content\/uploads\/2026\/09\/CNTE-Paro-Indefinido-250826-1-50x33.jpg 50w, https:\/\/elmachete.mx\/wp-content\/uploads\/2026\/09\/CNTE-Paro-Indefinido-250826-1-600x400.jpg 600w, https:\/\/elmachete.mx\/wp-content\/uploads\/2026\/09\/CNTE-Paro-Indefinido-250826-1-210x140.jpg 210w, https:\/\/elmachete.mx\/wp-content\/uploads\/2026\/09\/CNTE-Paro-Indefinido-250826-1.jpg 1600w\" sizes=\"auto, (max-width: 940px) 100vw, 940px\" \/><\/h1>\n<h3>La movilizaci\u00f3n exige el pago inmediato de adeudos millonarios y denuncia la precarizaci\u00f3n laboral que enfrenta el magisterio en la entidad.<\/h3>\n<p style=\"text-align: justify;\">A partir del 25 de agosto, la Coordinadora Nacional de Trabajadores de la Educaci\u00f3n (CNTE) inici\u00f3 un paro indefinido de labores y un plant\u00f3n permanente en las oficinas del Sistema Educativo Estatal (SEE) en Tijuana para exigir el pago de salarios retenidos a m\u00e1s de 2,700 docentes interinos en Baja California.<\/p>\n<p style=\"text-align: justify;\">Los adeudos afectan a trabajadores de diversos municipios del estado y representan un monto superior a los 50 millones de pesos. La Coordinadora denuncia que miles de docentes han laborado durante meses sin recibir el salario correspondiente, mientras algunos casos se remontan incluso a a\u00f1os anteriores.<\/p>\n<p style=\"text-align: justify;\">La protesta cuenta con el respaldo de organizaciones magisteriales de distintas entidades del pa\u00eds. Entre las principales demandas destacan el pago inmediato a los trabajadores interinos, el derecho efectivo a la basificaci\u00f3n y el cumplimiento de los compromisos adquiridos por las autoridades educativas.<\/p>\n<p style=\"text-align: justify;\">La movilizaci\u00f3n se desarrolla en el contexto de la lucha nacional de la CNTE por la abrogaci\u00f3n de la USICAMM y de las reformas educativas impulsadas durante los gobiernos de Enrique Pe\u00f1a Nieto y Andr\u00e9s Manuel L\u00f3pez Obrador. Para la Coordinadora, este marco legal ha consolidado mecanismos que condicionan derechos laborales, promueven la competencia entre trabajadores y fortalecen el control administrativo sobre el magisterio.<\/p>\n<p style=\"text-align: justify;\">Marco Antonio Pacheco Pe\u00f1a, coordinador de la CNTE en Baja California, sostuvo que debe terminar la excepcionalidad laboral impuesta a los trabajadores de la educaci\u00f3n y reiter\u00f3 que sus derechos deben regirse por el art\u00edculo 123 constitucional.<\/p>\n<p style=\"text-align: justify;\">Por su parte, el profesor Roberto Bobadilla se\u00f1al\u00f3 que no puede hablarse de revalorizaci\u00f3n docente mientras existan maestros que trabajan durante meses sin recibir salario. \u201cPagarles no es una concesi\u00f3n sino una obligaci\u00f3n\u201d, afirm\u00f3.<\/p>\n<p><img loading=\"lazy\" decoding=\"async\" class=\"size-large wp-image-8627 alignleft\" src=\"https:\/\/elmachete.mx\/wp-content\/uploads\/2026\/09\/CNTE-Paro-Indefinido-250826-2-1024x674.jpg\" alt=\"\" width=\"940\" height=\"619\" srcset=\"https:\/\/elmachete.mx\/wp-content\/uploads\/2026\/09\/CNTE-Paro-Indefinido-250826-2-1024x674.jpg 1024w, https:\/\/elmachete.mx\/wp-content\/uploads\/2026\/09\/CNTE-Paro-Indefinido-250826-2-300x197.jpg 300w, https:\/\/elmachete.mx\/wp-content\/uploads\/2026\/09\/CNTE-Paro-Indefinido-250826-2-768x505.jpg 768w, https:\/\/elmachete.mx\/wp-content\/uploads\/2026\/09\/CNTE-Paro-Indefinido-250826-2-640x421.jpg 640w, https:\/\/elmachete.mx\/wp-content\/uploads\/2026\/09\/CNTE-Paro-Indefinido-250826-2-50x33.jpg 50w, https:\/\/elmachete.mx\/wp-content\/uploads\/2026\/09\/CNTE-Paro-Indefinido-250826-2-600x395.jpg 600w, https:\/\/elmachete.mx\/wp-content\/uploads\/2026\/09\/CNTE-Paro-Indefinido-250826-2.jpg 1131w\" sizes=\"auto, (max-width: 940px) 100vw, 940px\" \/><\/p>\n<p style=\"text-align: justify;\">Durante las jornadas de protesta tambi\u00e9n se retomaron otras demandas hist\u00f3ricas del movimiento magisterial, entre ellas la asignaci\u00f3n autom\u00e1tica de plazas para egresados de las escuelas normales y el rechazo a medidas que, seg\u00fan la Coordinadora, trasladan responsabilidades que corresponden al Estado hacia los trabajadores de la educaci\u00f3n.<\/p>\n<p style=\"text-align: justify;\">El paro indefinido contin\u00faa en las instalaciones del SEE en Tijuana. La exigencia central sigue siendo la misma: pago inmediato a las y los trabajadores interinos y fin a la precarizaci\u00f3n laboral que enfrenta el magisterio.<\/p>\n","protected":false},"excerpt":{"rendered":"<p>La CNTE inici\u00f3 un paro indefinido y un plant\u00f3n permanente en Tijuana para exigir el pago de salarios retenidos a m\u00e1s de 2,700 docentes interinos en Baja California. La protesta tambi\u00e9n retoma las demandas nacionales contra la USICAMM y la precarizaci\u00f3n laboral del magisterio.<\/p>\n","protected":false},"author":2,"featured_media":8628,"comment_status":"open","ping_status":"open","sticky":false,"template":"","format":"standard","meta":{"rop_custom_images_group":[],"rop_custom_messages_group":[],"rop_publish_now":"initial","rop_publish_now_accounts":[],"rop_publish_now_history":[],"rop_publish_now_status":"pending","_exactmetrics_skip_tracking":false,"_exactmetrics_sitenote_active":false,"_exactmetrics_sitenote_note":"","_exactmetrics_sitenote_category":0,"footnotes":""},"categories":[5,729,16],"tags":[],"class_list":["post-8626","post","type-post","status-publish","format-standard","has-post-thumbnail","hentry","category-elmachete","category-obrero-sindical","category-politica-1"],"wppr_data":{"cwp_meta_box_check":"No"},"_links":{"self":[{"href":"https:\/\/elmachete.mx\/index.php\/wp-json\/wp\/v2\/posts\/8626","targetHints":{"allow":["GET"]}}],"collection":[{"href":"https:\/\/elmachete.mx\/index.php\/wp-json\/wp\/v2\/posts"}],"about":[{"href":"https:\/\/elmachete.mx\/index.php\/wp-json\/wp\/v2\/types\/post"}],"author":[{"embeddable":true,"href":"https:\/\/elmachete.mx\/index.php\/wp-json\/wp\/v2\/users\/2"}],"replies":[{"embeddable":true,"href":"https:\/\/elmachete.mx\/index.php\/wp-json\/wp\/v2\/comments?post=8626"}],"version-history":[{"count":1,"href":"https:\/\/elmachete.mx\/index.php\/wp-json\/wp\/v2\/posts\/8626\/revisions"}],"predecessor-version":[{"id":8629,"href":"https:\/\/elmachete.mx\/index.php\/wp-json\/wp\/v2\/posts\/8626\/revisions\/8629"}],"wp:featuredmedia":[{"embeddable":true,"href":"https:\/\/elmachete.mx\/index.php\/wp-json\/wp\/v2\/media\/8628"}],"wp:attachment":[{"href":"https:\/\/elmachete.mx\/index.php\/wp-json\/wp\/v2\/media?parent=8626"}],"wp:term":[{"taxonomy":"category","embeddable":true,"href":"https:\/\/elmachete.mx\/index.php\/wp-json\/wp\/v2\/categories?post=8626"},{"taxonomy":"post_tag","embeddable":true,"href":"https:\/\/elmachete.mx\/index.php\/wp-json\/wp\/v2\/tags?post=8626"}],"curies":[{"name":"wp","href":"https:\/\/api.w.org\/{rel}","templated":true}]}}