{"id":8630,"date":"2026-09-01T21:42:43","date_gmt":"2026-09-02T03:42:43","guid":{"rendered":"https:\/\/elmachete.mx\/?p=8630"},"modified":"2026-09-01T21:42:43","modified_gmt":"2026-09-02T03:42:43","slug":"pagamos-mas-y-recibimos-menos-estudiantes-denuncian-crisis-en-el-tecnologico-de-tijuana","status":"publish","type":"post","link":"https:\/\/elmachete.mx\/index.php\/2026\/09\/01\/pagamos-mas-y-recibimos-menos-estudiantes-denuncian-crisis-en-el-tecnologico-de-tijuana\/","title":{"rendered":"\u201cPagamos m\u00e1s y recibimos menos\u201d: estudiantes denuncian crisis en el Tecnol\u00f3gico de Tijuana"},"content":{"rendered":"<h6><img loading=\"lazy\" decoding=\"async\" class=\"aligncenter size-large wp-image-8637\" src=\"https:\/\/elmachete.mx\/wp-content\/uploads\/2026\/09\/att.532PjwkaABmWA4CSrFcRod_FxdufmWnCnqr8M7-fCKc-768x1024.jpg\" alt=\"\" width=\"768\" height=\"1024\" srcset=\"https:\/\/elmachete.mx\/wp-content\/uploads\/2026\/09\/att.532PjwkaABmWA4CSrFcRod_FxdufmWnCnqr8M7-fCKc-768x1024.jpg 768w, https:\/\/elmachete.mx\/wp-content\/uploads\/2026\/09\/att.532PjwkaABmWA4CSrFcRod_FxdufmWnCnqr8M7-fCKc-225x300.jpg 225w, https:\/\/elmachete.mx\/wp-content\/uploads\/2026\/09\/att.532PjwkaABmWA4CSrFcRod_FxdufmWnCnqr8M7-fCKc-1152x1536.jpg 1152w, https:\/\/elmachete.mx\/wp-content\/uploads\/2026\/09\/att.532PjwkaABmWA4CSrFcRod_FxdufmWnCnqr8M7-fCKc-640x853.jpg 640w, https:\/\/elmachete.mx\/wp-content\/uploads\/2026\/09\/att.532PjwkaABmWA4CSrFcRod_FxdufmWnCnqr8M7-fCKc-38x50.jpg 38w, https:\/\/elmachete.mx\/wp-content\/uploads\/2026\/09\/att.532PjwkaABmWA4CSrFcRod_FxdufmWnCnqr8M7-fCKc-600x800.jpg 600w, https:\/\/elmachete.mx\/wp-content\/uploads\/2026\/09\/att.532PjwkaABmWA4CSrFcRod_FxdufmWnCnqr8M7-fCKc.jpg 1536w\" sizes=\"auto, (max-width: 768px) 100vw, 768px\" \/><\/h6>\n<h6>Falta de infraestructura, aulas saturadas, altas temperaturas y ausencia de rendici\u00f3n de cuentas marcan las condiciones de estudio en el ITT, denuncian alumnos del campus Otay.<\/h6>\n<p style=\"text-align: justify;\">Estudiantes del Instituto Tecnol\u00f3gico de Tijuana (ITT), campus Otay, hicieron p\u00fablica una carta en la que denuncian el deterioro de las instalaciones, la insuficiencia de infraestructura educativa y la falta de transparencia en el manejo de los recursos de la instituci\u00f3n.<\/p>\n<p style=\"text-align: justify;\">Entre las principales problem\u00e1ticas se\u00f1aladas se encuentran las malas condiciones de los estacionamientos, la escasez de espacios adecuados para el descanso y estudio, la falta de \u00e1reas verdes, la presencia de basura y el deterioro general de banquetas y zonas comunes dentro del campus.<\/p>\n<p style=\"text-align: justify;\">La comunidad estudiantil tambi\u00e9n denuncia que los salones son insuficientes para atender el crecimiento constante de la matr\u00edcula. De acuerdo con el documento, grupos de aproximadamente cuarenta estudiantes deben tomar clases en aulas sin aire acondicionado, situaci\u00f3n que se agrava durante los meses de altas temperaturas que caracterizan a la regi\u00f3n fronteriza.<\/p>\n<p><img loading=\"lazy\" decoding=\"async\" class=\"size-large wp-image-8633 alignright\" src=\"https:\/\/elmachete.mx\/wp-content\/uploads\/2026\/09\/att.eivZIFQ5Ft0vfUSH5rp9CyixC9YY9pONZoaUcKKrnGY-768x1024.jpg\" alt=\"\" width=\"768\" height=\"1024\" srcset=\"https:\/\/elmachete.mx\/wp-content\/uploads\/2026\/09\/att.eivZIFQ5Ft0vfUSH5rp9CyixC9YY9pONZoaUcKKrnGY-768x1024.jpg 768w, https:\/\/elmachete.mx\/wp-content\/uploads\/2026\/09\/att.eivZIFQ5Ft0vfUSH5rp9CyixC9YY9pONZoaUcKKrnGY-225x300.jpg 225w, https:\/\/elmachete.mx\/wp-content\/uploads\/2026\/09\/att.eivZIFQ5Ft0vfUSH5rp9CyixC9YY9pONZoaUcKKrnGY-1152x1536.jpg 1152w, https:\/\/elmachete.mx\/wp-content\/uploads\/2026\/09\/att.eivZIFQ5Ft0vfUSH5rp9CyixC9YY9pONZoaUcKKrnGY-640x853.jpg 640w, https:\/\/elmachete.mx\/wp-content\/uploads\/2026\/09\/att.eivZIFQ5Ft0vfUSH5rp9CyixC9YY9pONZoaUcKKrnGY-38x50.jpg 38w, https:\/\/elmachete.mx\/wp-content\/uploads\/2026\/09\/att.eivZIFQ5Ft0vfUSH5rp9CyixC9YY9pONZoaUcKKrnGY-600x800.jpg 600w, https:\/\/elmachete.mx\/wp-content\/uploads\/2026\/09\/att.eivZIFQ5Ft0vfUSH5rp9CyixC9YY9pONZoaUcKKrnGY.jpg 1536w\" sizes=\"auto, (max-width: 768px) 100vw, 768px\" \/><\/p>\n<p style=\"text-align: justify;\">Los alumnos afirman que en ocasiones las clases deben desarrollarse en espacios abiertos debido a la falta de condiciones adecuadas dentro de los edificios. Asimismo, se\u00f1alan que el mobiliario es insuficiente y que las instalaciones no han recibido inversiones significativas durante los \u00faltimos a\u00f1os.<\/p>\n<p style=\"text-align: justify;\">La carta tambi\u00e9n cuestiona el destino de los recursos obtenidos mediante inscripciones, cuotas y diversos servicios escolares. Los estudiantes sostienen que no existe una rendici\u00f3n de cuentas clara sobre el uso de estos ingresos, mientras persisten las carencias en infraestructura, equipamiento y contrataci\u00f3n de personal docente.<\/p>\n<p><img loading=\"lazy\" decoding=\"async\" class=\"size-large wp-image-8636 alignleft\" src=\"https:\/\/elmachete.mx\/wp-content\/uploads\/2026\/09\/att.zDuQZkbY0a45HlGF_FghprXsAbeojIes6Qx5m3AmJ1I-768x1024.jpg\" alt=\"\" width=\"768\" height=\"1024\" srcset=\"https:\/\/elmachete.mx\/wp-content\/uploads\/2026\/09\/att.zDuQZkbY0a45HlGF_FghprXsAbeojIes6Qx5m3AmJ1I-768x1024.jpg 768w, https:\/\/elmachete.mx\/wp-content\/uploads\/2026\/09\/att.zDuQZkbY0a45HlGF_FghprXsAbeojIes6Qx5m3AmJ1I-225x300.jpg 225w, https:\/\/elmachete.mx\/wp-content\/uploads\/2026\/09\/att.zDuQZkbY0a45HlGF_FghprXsAbeojIes6Qx5m3AmJ1I-1152x1536.jpg 1152w, https:\/\/elmachete.mx\/wp-content\/uploads\/2026\/09\/att.zDuQZkbY0a45HlGF_FghprXsAbeojIes6Qx5m3AmJ1I-640x853.jpg 640w, https:\/\/elmachete.mx\/wp-content\/uploads\/2026\/09\/att.zDuQZkbY0a45HlGF_FghprXsAbeojIes6Qx5m3AmJ1I-38x50.jpg 38w, https:\/\/elmachete.mx\/wp-content\/uploads\/2026\/09\/att.zDuQZkbY0a45HlGF_FghprXsAbeojIes6Qx5m3AmJ1I-600x800.jpg 600w, https:\/\/elmachete.mx\/wp-content\/uploads\/2026\/09\/att.zDuQZkbY0a45HlGF_FghprXsAbeojIes6Qx5m3AmJ1I.jpg 1536w\" sizes=\"auto, (max-width: 768px) 100vw, 768px\" \/><\/p>\n<p style=\"text-align: justify;\">Seg\u00fan la Sociedad de Alumnos del campus Otay, cada semestre contin\u00faan abri\u00e9ndose nuevos grupos sin que exista una ampliaci\u00f3n proporcional de los espacios f\u00edsicos o de la plantilla acad\u00e9mica, situaci\u00f3n que genera hacinamiento y dificultades para cursar algunas materias.<\/p>\n<p style=\"text-align: justify;\">Los estudiantes se\u00f1alan adem\u00e1s que miles de familias realizan importantes sacrificios econ\u00f3micos para sostener la educaci\u00f3n superior de sus hijos, incluyendo gastos de transporte, alimentaci\u00f3n, materiales y cuotas escolares.<\/p>\n<p style=\"text-align: justify;\"><img loading=\"lazy\" decoding=\"async\" class=\"size-large wp-image-8638 alignleft\" src=\"https:\/\/elmachete.mx\/wp-content\/uploads\/2026\/09\/att.17le2ae8BEwDXWvnBh78vSswwQPIf8zXhacgmTh6ywg-768x1024.jpg\" alt=\"\" width=\"768\" height=\"1024\" srcset=\"https:\/\/elmachete.mx\/wp-content\/uploads\/2026\/09\/att.17le2ae8BEwDXWvnBh78vSswwQPIf8zXhacgmTh6ywg-768x1024.jpg 768w, https:\/\/elmachete.mx\/wp-content\/uploads\/2026\/09\/att.17le2ae8BEwDXWvnBh78vSswwQPIf8zXhacgmTh6ywg-225x300.jpg 225w, https:\/\/elmachete.mx\/wp-content\/uploads\/2026\/09\/att.17le2ae8BEwDXWvnBh78vSswwQPIf8zXhacgmTh6ywg-1152x1536.jpg 1152w, https:\/\/elmachete.mx\/wp-content\/uploads\/2026\/09\/att.17le2ae8BEwDXWvnBh78vSswwQPIf8zXhacgmTh6ywg-640x853.jpg 640w, https:\/\/elmachete.mx\/wp-content\/uploads\/2026\/09\/att.17le2ae8BEwDXWvnBh78vSswwQPIf8zXhacgmTh6ywg-38x50.jpg 38w, https:\/\/elmachete.mx\/wp-content\/uploads\/2026\/09\/att.17le2ae8BEwDXWvnBh78vSswwQPIf8zXhacgmTh6ywg-600x800.jpg 600w, https:\/\/elmachete.mx\/wp-content\/uploads\/2026\/09\/att.17le2ae8BEwDXWvnBh78vSswwQPIf8zXhacgmTh6ywg.jpg 1536w\" sizes=\"auto, (max-width: 768px) 100vw, 768px\" \/>Ante esta situaci\u00f3n, la Sociedad de Alumnos del Instituto Tecnol\u00f3gico de Tijuana exige a las autoridades educativas y gubernamentales atender las necesidades del campus, mejorar las condiciones de estudio y garantizar una mayor inversi\u00f3n en la educaci\u00f3n p\u00fablica.<\/p>\n<p style=\"text-align: justify;\"><strong>\u201cSolicitamos a las autoridades escolares y de gobierno tomar las decisiones necesarias para resolver los distintos problemas de la instituci\u00f3n, brindar una atenci\u00f3n digna al estudiantado e invertir m\u00e1s recursos para una mejor educaci\u00f3n p\u00fablica\u201d<\/strong>, concluye el pronunciamiento.<\/p>\n<p><img loading=\"lazy\" decoding=\"async\" class=\"size-large wp-image-8634 aligncenter\" src=\"https:\/\/elmachete.mx\/wp-content\/uploads\/2026\/09\/att.dK_l4oJe_gnh5qouT3ru0lAAvCMjYxfXIlPGuMOzS4s-768x1024.jpg\" alt=\"\" width=\"768\" height=\"1024\" srcset=\"https:\/\/elmachete.mx\/wp-content\/uploads\/2026\/09\/att.dK_l4oJe_gnh5qouT3ru0lAAvCMjYxfXIlPGuMOzS4s-768x1024.jpg 768w, https:\/\/elmachete.mx\/wp-content\/uploads\/2026\/09\/att.dK_l4oJe_gnh5qouT3ru0lAAvCMjYxfXIlPGuMOzS4s-225x300.jpg 225w, https:\/\/elmachete.mx\/wp-content\/uploads\/2026\/09\/att.dK_l4oJe_gnh5qouT3ru0lAAvCMjYxfXIlPGuMOzS4s-1152x1536.jpg 1152w, https:\/\/elmachete.mx\/wp-content\/uploads\/2026\/09\/att.dK_l4oJe_gnh5qouT3ru0lAAvCMjYxfXIlPGuMOzS4s-640x853.jpg 640w, https:\/\/elmachete.mx\/wp-content\/uploads\/2026\/09\/att.dK_l4oJe_gnh5qouT3ru0lAAvCMjYxfXIlPGuMOzS4s-38x50.jpg 38w, https:\/\/elmachete.mx\/wp-content\/uploads\/2026\/09\/att.dK_l4oJe_gnh5qouT3ru0lAAvCMjYxfXIlPGuMOzS4s-600x800.jpg 600w, https:\/\/elmachete.mx\/wp-content\/uploads\/2026\/09\/att.dK_l4oJe_gnh5qouT3ru0lAAvCMjYxfXIlPGuMOzS4s.jpg 1536w\" sizes=\"auto, (max-width: 768px) 100vw, 768px\" \/><\/p>\n<a href=\"https:\/\/elmachete.mx\/wp-content\/uploads\/2026\/09\/Sociedad-de-Alumnos-ITT-310826.pdf\" class=\"pdfemb-viewer\" style=\"\" data-width=\"max\" data-height=\"max\" data-toolbar=\"bottom\" data-toolbar-fixed=\"off\">Sociedad de Alumnos ITT (310826)<\/a>\n","protected":false},"excerpt":{"rendered":"<p>Estudiantes del Instituto Tecnol\u00f3gico de Tijuana denunciaron el deterioro de las instalaciones, la falta de inversi\u00f3n en infraestructura y la ausencia de transparencia en el manejo de recursos. Aseguran que el crecimiento de la matr\u00edcula ocurre en medio de condiciones cada vez m\u00e1s precarias para la comunidad estudiantil.<\/p>\n","protected":false},"author":2,"featured_media":8633,"comment_status":"open","ping_status":"open","sticky":false,"template":"","format":"standard","meta":{"rop_custom_images_group":[],"rop_custom_messages_group":[],"rop_publish_now":"initial","rop_publish_now_accounts":[],"rop_publish_now_history":[],"rop_publish_now_status":"pending","_exactmetrics_skip_tracking":false,"_exactmetrics_sitenote_active":false,"_exactmetrics_sitenote_note":"","_exactmetrics_sitenote_category":0,"footnotes":""},"categories":[5,732],"tags":[],"class_list":["post-8630","post","type-post","status-publish","format-standard","has-post-thumbnail","hentry","category-elmachete","category-juventud"],"wppr_data":{"cwp_meta_box_check":"No"},"_links":{"self":[{"href":"https:\/\/elmachete.mx\/index.php\/wp-json\/wp\/v2\/posts\/8630","targetHints":{"allow":["GET"]}}],"collection":[{"href":"https:\/\/elmachete.mx\/index.php\/wp-json\/wp\/v2\/posts"}],"about":[{"href":"https:\/\/elmachete.mx\/index.php\/wp-json\/wp\/v2\/types\/post"}],"author":[{"embeddable":true,"href":"https:\/\/elmachete.mx\/index.php\/wp-json\/wp\/v2\/users\/2"}],"replies":[{"embeddable":true,"href":"https:\/\/elmachete.mx\/index.php\/wp-json\/wp\/v2\/comments?post=8630"}],"version-history":[{"count":1,"href":"https:\/\/elmachete.mx\/index.php\/wp-json\/wp\/v2\/posts\/8630\/revisions"}],"predecessor-version":[{"id":8640,"href":"https:\/\/elmachete.mx\/index.php\/wp-json\/wp\/v2\/posts\/8630\/revisions\/8640"}],"wp:featuredmedia":[{"embeddable":true,"href":"https:\/\/elmachete.mx\/index.php\/wp-json\/wp\/v2\/media\/8633"}],"wp:attachment":[{"href":"https:\/\/elmachete.mx\/index.php\/wp-json\/wp\/v2\/media?parent=8630"}],"wp:term":[{"taxonomy":"category","embeddable":true,"href":"https:\/\/elmachete.mx\/index.php\/wp-json\/wp\/v2\/categories?post=8630"},{"taxonomy":"post_tag","embeddable":true,"href":"https:\/\/elmachete.mx\/index.php\/wp-json\/wp\/v2\/tags?post=8630"}],"curies":[{"name":"wp","href":"https:\/\/api.w.org\/{rel}","templated":true}]}}